{"id":750,"date":"2024-02-06T15:21:45","date_gmt":"2024-02-06T14:21:45","guid":{"rendered":"https:\/\/cerama.sk\/informacie\/?p=750"},"modified":"2024-02-08T09:20:18","modified_gmt":"2024-02-08T08:20:18","slug":"objavte-5-hlavnych-vyhod-porcelanovej-kameniny-do-predsiene","status":"publish","type":"post","link":"https:\/\/cerama.sk\/informacie\/objavte-5-hlavnych-vyhod-porcelanovej-kameniny-do-predsiene\/","title":{"rendered":"Objavte 5 hlavn\u00fdch v\u00fdhod porcel\u00e1novej kameniny do predsiene"},"content":{"rendered":"<div id=\"toc_container\" class=\"have_bullets\"><p class=\"toc_title\">Obsah<\/p><ul class=\"toc_list\"><li><a href=\"#Hlavne_vyhody_porcelanovej_kameniny\">Hlavn\u00e9 v\u00fdhody porcel\u00e1novej kameniny:<\/a><\/li><li><a href=\"#Matny_alebo_lesteny_povrch\">Matn\u00fd alebo le\u0161ten\u00fd povrch?<\/a><\/li><li><a href=\"#Porcelanovakamenina_alebo_terakota\">Porcel\u00e1nov\u00e1\u00a0kamenina alebo terakota?<\/a><\/li><\/ul><\/div>\n<p>Pri zaria\u010fovan\u00ed v\u00e1\u0161ho domova je prirodzen\u00e9, \u017ee ob\u00fdvacej izbe, sp\u00e1lni \u010di kuchyni venujete zna\u010dn\u00fa pozornos\u0165, sk\u00fa\u0161ate r\u00f4zne \u0161t\u00fdly a sna\u017e\u00edte sa ich prisp\u00f4sobi\u0165 svojej v\u00edzii ide\u00e1lneho interi\u00e9ru. Naopak, predsie\u0148 \u010dasto zost\u00e1va v tieni, ke\u010f\u017ee sa predpoklad\u00e1, \u017ee v nej tr\u00e1vite menej \u010dasu. T\u00e1to miestnos\u0165 v\u0161ak predstavuje prv\u00e9 dojmy z v\u00e1\u0161ho domova a jej zariadenie by nemalo by\u0165 prehliadan\u00e9. Na\u0161\u00edm cie\u013eom je u\u013eah\u010di\u0165 v\u00e1m rekon\u0161trukciu alebo zaria\u010fovanie predsiene a uk\u00e1za\u0165 v\u00e1m, pre\u010do je porcel\u00e1nov\u00e1 kamenina ide\u00e1lnym rie\u0161en\u00edm pre tento priestor.<\/p>\n<p>Pri v\u00fdbere podlahy do predsiene je d\u00f4le\u017eit\u00e9 zvoli\u0165 materi\u00e1l, ktor\u00fd odol\u00e1 ka\u017edodenn\u00e9mu pou\u017e\u00edvaniu bez zjavn\u00fdch zn\u00e1mok opotrebenia, ako s\u00fa \u0161krabance alebo zmena farby. Porcel\u00e1nov\u00e1 kamenina je v\u010faka svojej odolnosti ide\u00e1lnou vo\u013ebou, ktor\u00e1 v\u00e1s ochr\u00e1ni pred t\u00fdmito probl\u00e9mami.<\/p>\n<p><strong>Pre\u010do je porcel\u00e1nov\u00e1 kamenina tou spr\u00e1vnou vo\u013ebou pre ka\u017ed\u00fa predsie\u0148?<\/strong><\/p>\n<p>Mus\u00ed by\u0165 odoln\u00e1, esteticky pr\u00ed\u0165a\u017eliv\u00e1 a harmonizova\u0165 so zvy\u0161kom domova, najm\u00e4 ak je predsie\u0148 spojen\u00e1 s otvoren\u00fdm ob\u00fdvac\u00edm priestorom. Sp\u013a\u0148a v\u0161etky tieto po\u017eiadavky, a preto by mala by\u0165 va\u0161ou prvou vo\u013ebou pri rekon\u0161trukcii.<\/p>\n<p><img decoding=\"async\" loading=\"lazy\" class=\"aligncenter wp-image-758 size-full\" title=\"Proti\u0161mykov\u00e1 \u00faprava\" src=\"https:\/\/cerama.sk\/informacie\/wp-content\/uploads\/2024\/02\/Snimka-obrazovky-2024-02-06-155916.png\" alt=\"Proti\u0161mykov\u00e1 \u00faprava\" width=\"677\" height=\"515\" srcset=\"https:\/\/cerama.sk\/informacie\/wp-content\/uploads\/2024\/02\/Snimka-obrazovky-2024-02-06-155916.png 677w, https:\/\/cerama.sk\/informacie\/wp-content\/uploads\/2024\/02\/Snimka-obrazovky-2024-02-06-155916-300x228.png 300w, https:\/\/cerama.sk\/informacie\/wp-content\/uploads\/2024\/02\/Snimka-obrazovky-2024-02-06-155916-465x354.png 465w, https:\/\/cerama.sk\/informacie\/wp-content\/uploads\/2024\/02\/Snimka-obrazovky-2024-02-06-155916-657x500.png 657w\" sizes=\"(max-width: 677px) 100vw, 677px\" \/><\/p>\n<h2><span id=\"Hlavne_vyhody_porcelanovej_kameniny\">Hlavn\u00e9 v\u00fdhody porcel\u00e1novej kameniny:<\/span><\/h2>\n<ul>\n<li><strong>Odolnos\u0165:<\/strong> Vysok\u00e1 odolnos\u0165 vo\u010di oderu, \u0161krabancom a zne\u010disteniu je k\u013e\u00fa\u010dov\u00e1, preto je d\u00f4le\u017eit\u00e9 vybra\u0165 materi\u00e1l s vysokou hodnotou odolnosti proti oderu (PEI).<\/li>\n<li><strong>Proti\u0161mykov\u00e1 \u00faprava:<\/strong> V dom\u00e1cnostiach s de\u0165mi alebo dom\u00e1cimi zvieratami je klzkos\u0165 podlahy rizikom. V\u00fdber dla\u017edice s vy\u0161\u0161\u00edm stup\u0148om proti\u0161mykovosti zabezpe\u010d\u00ed bezpe\u010dnos\u0165.<\/li>\n<li><strong>N\u00edzka nasiakavos\u0165:<\/strong> S n\u00edzkou nasiakavos\u0165ou a mrazuvzdornos\u0165ou je porcel\u00e1nov\u00e1 kamenina ide\u00e1lna pre miestnosti vystaven\u00e9 vode, blatu alebo snehu.<\/li>\n<li><strong>Jednoduch\u00e1 \u00fadr\u017eba:<\/strong> Sta\u010d\u00ed jednoduch\u00e9 \u010distenie a podlaha zostane \u010dist\u00e1 a \u017eiariv\u00e1.<\/li>\n<li><strong>Rozmanitos\u0165 vzh\u013eadu:<\/strong> Pon\u00faka \u0161irok\u00fa \u0161k\u00e1lu farieb, text\u00far a form\u00e1tov <a href=\"https:\/\/cerama.sk\/sk-tubadzin-monolith.html\">z kolekcie Monolith<\/a>, v\u010faka ktor\u00fdm \u013eahko zapadn\u00fa do ak\u00e9hoko\u013evek interi\u00e9ru.<\/li>\n<\/ul>\n<p>Na\u0161a spolo\u010dnos\u0165 v\u00e1m v\u017edy zaru\u010d\u00ed kvalitn\u00e9 a inovat\u00edvne rie\u0161enia. Ka\u017ed\u00e1 na\u0161a kolekcia porcel\u00e1novej kameniny je vhodn\u00e1 pre predsie\u0148, \u010do v\u00e1m umo\u017en\u00ed vybra\u0165 si bez ob\u00e1v o kompatibilitu s va\u0161ou chodbou.<\/p>\n<h2><span id=\"Matny_alebo_lesteny_povrch\">Matn\u00fd alebo le\u0161ten\u00fd povrch?<\/span><\/h2>\n<p>Pre predsie\u0148 odpor\u00fa\u010dame matn\u00fa porcel\u00e1nov\u00fa kameninu, ktor\u00e1 je odolnej\u0161ia vo\u010di po\u0161kriabaniu a vhodnej\u0161ia pre intenz\u00edvne vyu\u017e\u00edvan\u00e9 priestory. Le\u0161ten\u00fa variantu si nechajte na menej frekventovan\u00e9 miestnosti, ako je sp\u00e1l\u0148a alebo k\u00fape\u013e\u0148a.<\/p>\n<p><img decoding=\"async\" loading=\"lazy\" class=\"aligncenter wp-image-759 size-full\" title=\"Terakota\" src=\"https:\/\/cerama.sk\/informacie\/wp-content\/uploads\/2024\/02\/Snimka-obrazovky-2024-02-06-155934.png\" alt=\"Terakota\" width=\"593\" height=\"431\" \/><\/p>\n<h2><span id=\"Porcelanovakamenina_alebo_terakota\">Porcel\u00e1nov\u00e1\u00a0kamenina alebo terakota?<\/span><\/h2>\n<p>Aj ke\u010f terakota m\u00f4\u017ee by\u0165 peknou vo\u013ebou, porcel\u00e1nov\u00e1 kamenina sa vyzna\u010duje vy\u0161\u0161ou odolnos\u0165ou a je preto dlhodobej\u0161\u00edm rie\u0161en\u00edm pre va\u0161u predsie\u0148.<\/p>\n<p><strong>Z\u00e1ver: <\/strong>Pri pl\u00e1novan\u00ed rekon\u0161trukcie nezabudnite zv\u00e1\u017ei\u0165 v\u00fdzvy, ktor\u00fdm bude podlaha \u010deli\u0165 &#8211; od top\u00e1nok po vplyv vody, snehu a blata. Porcel\u00e1nov\u00e1 kamenina je tak v predsieni nielen praktickou, ale aj estetickou vo\u013ebou, ktor\u00e1 spln\u00ed v\u0161etky va\u0161e po\u017eiadavky.<\/p>\n<p><strong>Pre\u010d\u00edtajte si aj:<\/strong><\/p>\n<p>Nieko\u013eko \u00fachvatn\u00fdch n\u00e1padov na <a href=\"https:\/\/cerama.sk\/informacie\/stol-s-keramickymi-dlazdicami\/\">stoly s keramick\u00fdmi dla\u017edicami<\/a>, ktor\u00e9 dizajn\u00e9rka realizovala s vyu\u017eit\u00edm dla\u017ed\u00edc od <a href=\"https:\/\/cerama.sk\/sk-mark-tubadzin.html\">Tubadzin<\/a>.<\/p>\n<p><em>Prevzat\u00e9 z Tubadzin.pl<\/em><\/p>\n<hr \/>\n<p><a href=\"https:\/\/cerama.cz\/info\/zjistete-5-hlavnich-vyhod-porcelanove-kameniny-do-predsine\/\"><img decoding=\"async\" loading=\"lazy\" class=\"alignnone\" title=\"Zjist\u011bte 5 hlavn\u00edch v\u00fdhod porcel\u00e1nov\u00e9 kameniny do p\u0159eds\u00edn\u011b\" src=\"https:\/\/cerama.cz\/info\/wp-content\/uploads\/2023\/09\/cz.png\" alt=\"Zjist\u011bte 5 hlavn\u00edch v\u00fdhod porcel\u00e1nov\u00e9 kameniny do p\u0159eds\u00edn\u011b\" width=\"30\" height=\"20\" \/><\/a> <a href=\"https:\/\/cerama.sk\/informacie\/objavte-5-hlavnych-vyhod-porcelanovej-kameniny-do-predsiene\/\"><img decoding=\"async\" loading=\"lazy\" class=\"alignnone\" title=\"Objavte 5 hlavn\u00fdch v\u00fdhod porcel\u00e1novej kameniny do predsiene\" src=\"https:\/\/cerama.cz\/info\/wp-content\/uploads\/2023\/09\/sk.png\" alt=\"Objavte 5 hlavn\u00fdch v\u00fdhod porcel\u00e1novej kameniny do predsiene\" width=\"32\" height=\"21\" \/><\/a><\/p>\n","protected":false},"excerpt":{"rendered":"<p>ObsahHlavn\u00e9 v\u00fdhody porcel\u00e1novej kameniny:Matn\u00fd alebo le\u0161ten\u00fd povrch?Porcel\u00e1nov\u00e1\u00a0kamenina alebo terakota? Pri zaria\u010fovan\u00ed v\u00e1\u0161ho domova je prirodzen\u00e9, \u017ee ob\u00fdvacej izbe, sp\u00e1lni \u010di kuchyni venujete zna\u010dn\u00fa pozornos\u0165, sk\u00fa\u0161ate r\u00f4zne \u0161t\u00fdly a sna\u017e\u00edte sa ich prisp\u00f4sobi\u0165 svojej v\u00edzii ide\u00e1lneho interi\u00e9ru. Naopak, predsie\u0148 \u010dasto zost\u00e1va v tieni, ke\u010f\u017ee sa predpoklad\u00e1, \u017ee v nej tr\u00e1vite menej<span class=\"more-link\"><a href=\"https:\/\/cerama.sk\/informacie\/objavte-5-hlavnych-vyhod-porcelanovej-kameniny-do-predsiene\/\">Continue Reading<\/a><\/span><\/p>\n","protected":false},"author":2,"featured_media":757,"comment_status":"closed","ping_status":"open","sticky":false,"template":"","format":"standard","meta":{"footnotes":""},"categories":[5,4,7],"tags":[],"aioseo_notices":[],"_links":{"self":[{"href":"https:\/\/cerama.sk\/informacie\/wp-json\/wp\/v2\/posts\/750"}],"collection":[{"href":"https:\/\/cerama.sk\/informacie\/wp-json\/wp\/v2\/posts"}],"about":[{"href":"https:\/\/cerama.sk\/informacie\/wp-json\/wp\/v2\/types\/post"}],"author":[{"embeddable":true,"href":"https:\/\/cerama.sk\/informacie\/wp-json\/wp\/v2\/users\/2"}],"replies":[{"embeddable":true,"href":"https:\/\/cerama.sk\/informacie\/wp-json\/wp\/v2\/comments?post=750"}],"version-history":[{"count":12,"href":"https:\/\/cerama.sk\/informacie\/wp-json\/wp\/v2\/posts\/750\/revisions"}],"predecessor-version":[{"id":777,"href":"https:\/\/cerama.sk\/informacie\/wp-json\/wp\/v2\/posts\/750\/revisions\/777"}],"wp:featuredmedia":[{"embeddable":true,"href":"https:\/\/cerama.sk\/informacie\/wp-json\/wp\/v2\/media\/757"}],"wp:attachment":[{"href":"https:\/\/cerama.sk\/informacie\/wp-json\/wp\/v2\/media?parent=750"}],"wp:term":[{"taxonomy":"category","embeddable":true,"href":"https:\/\/cerama.sk\/informacie\/wp-json\/wp\/v2\/categories?post=750"},{"taxonomy":"post_tag","embeddable":true,"href":"https:\/\/cerama.sk\/informacie\/wp-json\/wp\/v2\/tags?post=750"}],"curies":[{"name":"wp","href":"https:\/\/api.w.org\/{rel}","templated":true}]}}