{"id":549,"date":"2023-12-27T15:43:30","date_gmt":"2023-12-27T14:43:30","guid":{"rendered":"https:\/\/cerama.sk\/informacie\/?p=549"},"modified":"2023-12-27T21:27:28","modified_gmt":"2023-12-27T20:27:28","slug":"preco-sa-obklady-s-drevenym-vzorom-stali-hitom","status":"publish","type":"post","link":"https:\/\/cerama.sk\/informacie\/preco-sa-obklady-s-drevenym-vzorom-stali-hitom\/","title":{"rendered":"Pre\u010do sa obklady s dreven\u00fdm vzorom stali hitom?"},"content":{"rendered":"<h2>Redizajnovanie K\u00fape\u013ene s Keramick\u00fdmi Obkladmi s Dreven\u00fdm Vzh\u013eadom<\/h2>\n<p>Uva\u017eujete nad t\u00fdm, ako vd\u00fdchnu\u0165 va\u0161ej k\u00fape\u013eni nov\u00fd \u017eivot? Keramick\u00e9 obklady s dreven\u00fdm vzh\u013eadom pon\u00fakaj\u00fa perfektn\u00fa symbi\u00f3zu elegancie a praktickosti. V dne\u0161nom \u010dl\u00e1nku v\u00e1m predstav\u00edme v\u0161etky d\u00f4vody, pre\u010do s\u00fa obklady s imit\u00e1ciou dreva tak\u00fdm hitom a ako m\u00f4\u017eu obohati\u0165 v\u00e1\u0161 k\u00fape\u013e\u0148ov\u00fd priestor.<\/p>\n<p>Uva\u017eujete <a href=\"https:\/\/cerama.sk\/informacie\/ako-vybrat-obklady-do-malej-kupelne-10-praktickych-tipov\/\">ako vybra\u0165 obklady do malej k\u00fape\u013ene? tu je 10 praktick\u00fdch tipov.<\/a><\/p>\n<h2>5 V\u00fdhod keramick\u00fdch obkladov s vzh\u013eadom dreva<\/h2>\n<p><strong>1.<\/strong> Nad\u010dasov\u00fd \u0161t\u00fdl<br \/>\nDrevo je synonymom tepla a elegancie, a pr\u00e1ve preto s\u00fa obklady z kolekcie <a href=\"https:\/\/cerama.sk\/sk-tubadzin-korzilius.html\">Tubadzin Korzilius<\/a>, ktor\u00e9 napodob\u0148uj\u00fa jeho vzh\u013ead, ve\u013emi \u017eiadan\u00e9. Siahnu\u0165 m\u00f4\u017eete po hned\u00fdch, bielych alebo farebn\u00fdch vari\u00e1ci\u00e1ch, ktor\u00e9 prines\u00fa do va\u0161ej k\u00fape\u013ene atmosf\u00e9ru pr\u00edrody a z\u00e1rove\u0148 zostan\u00fa v kurze aj napriek meniacim sa trendom.<\/p>\n<p><strong>2.<\/strong> Jednoduch\u00e1 \u00fadr\u017eba<br \/>\nV porovnan\u00ed s prav\u00fdm drevom s\u00fa keramick\u00e9 obklady s dreven\u00fdm dekorom ove\u013ea jednoduch\u0161ie na \u010distenie a \u00fadr\u017ebu. S\u00fa odoln\u00e9 vo\u010di vlhkosti a plesniam, \u010do z nich rob\u00ed ide\u00e1lnu vo\u013ebu pre k\u00fape\u013e\u0148ov\u00e9 prostredie. Pri v\u00fdbere nezabudnite zoh\u013eadni\u0165 technick\u00e9 parametre, ako je trieda odolnosti proti oderu \u010di proti\u0161mykov\u00e9 vlastnosti.<\/p>\n<p><strong>3.<\/strong> Odolnos\u0165 proti teplotn\u00fdm zmen\u00e1m<br \/>\nNa rozdiel od prav\u00e9ho dreva, keramick\u00e9 obklady si poradia s teplotn\u00fdmi zmenami bez probl\u00e9mov. V kombin\u00e1cii s podlahov\u00fdm vykurovan\u00edm poskytuj\u00fa pr\u00edjemn\u00fd pocit tepla a pohodlia.<\/p>\n<p><strong>4.<\/strong> Mno\u017estvo vzorov a \u0161t\u00fdlov<br \/>\nS keramick\u00fdmi obkladmi od <a href=\"https:\/\/cerama.sk\/sk-tubadzin-korzilius-wood.html\">Tubadzin Wood<\/a> m\u00f4\u017eete experimentova\u0165 ove\u013ea viac ako s pr\u00edrodn\u00fdm drevom. Pon\u00fakaj\u00fa \u0161irok\u00fa paletu vzorov, ktor\u00e9 umo\u017e\u0148uj\u00fa realiz\u00e1ciu r\u00f4znych dizajnov\u00fdch predst\u00e1v \u2013 od \u0161kandin\u00e1vskeho \u0161t\u00fdlu a\u017e po rustik\u00e1lne \u010di modern\u00e9 aran\u017em\u00e1ny.<\/p>\n<p><strong>5.<\/strong> Ekologick\u00fd vplyv<br \/>\nV\u00fdberom obkladov s drevo-dekorom nielen\u017ee z\u00edskate kr\u00e1snu a praktick\u00fa k\u00fape\u013e\u0148u, ale tie\u017e prispievate k ochrane pr\u00edrody, ke\u010f\u017ee na ich v\u00fdrobu nebolo potrebn\u00e9 vyr\u00faba\u0165 \u017eiadne stromy.<\/p>\n<p><img decoding=\"async\" loading=\"lazy\" class=\"aligncenter wp-image-553 size-large\" title=\"Obklad s dreven\u00fdm dekorom\" src=\"https:\/\/cerama.sk\/informacie\/wp-content\/uploads\/2023\/12\/shutterstock_2170995237-1024x682.jpg\" alt=\"Obklad s dreven\u00fdm dekorom\" width=\"1024\" height=\"682\" srcset=\"https:\/\/cerama.sk\/informacie\/wp-content\/uploads\/2023\/12\/shutterstock_2170995237-1024x682.jpg 1024w, https:\/\/cerama.sk\/informacie\/wp-content\/uploads\/2023\/12\/shutterstock_2170995237-300x200.jpg 300w, https:\/\/cerama.sk\/informacie\/wp-content\/uploads\/2023\/12\/shutterstock_2170995237-768x512.jpg 768w, https:\/\/cerama.sk\/informacie\/wp-content\/uploads\/2023\/12\/shutterstock_2170995237-1536x1023.jpg 1536w, https:\/\/cerama.sk\/informacie\/wp-content\/uploads\/2023\/12\/shutterstock_2170995237-2048x1364.jpg 2048w, https:\/\/cerama.sk\/informacie\/wp-content\/uploads\/2023\/12\/shutterstock_2170995237-465x310.jpg 465w, https:\/\/cerama.sk\/informacie\/wp-content\/uploads\/2023\/12\/shutterstock_2170995237-695x463.jpg 695w\" sizes=\"(max-width: 1024px) 100vw, 1024px\" \/><\/p>\n<p>In\u0161pirujte sa a vytvorte si k\u00fape\u013e\u0148u, ktor\u00e1 bude nielen n\u00e1dhern\u00e1 a funk\u010dn\u00e1, ale aj ekologick\u00e1. Keramick\u00e9 obklady s dreven\u00fdm vzh\u013eadom s\u00fa dokonal\u00fdm rie\u0161en\u00edm pre ka\u017ed\u00e9ho, kto h\u013ead\u00e1 alternat\u00edvu k pr\u00edrodn\u00e9mu drevu bez kompromisu v \u0161t\u00fdle \u010di kvalite. Bu\u010fte kreat\u00edvni a objavte v\u0161etky mo\u017enosti, ktor\u00e9 v\u00e1m tento modern\u00fd materi\u00e1l pon\u00faka.<\/p>\n<hr \/>\n<p><a href=\"https:\/\/cerama.cz\/info\/proc-se-obklady-s-drevenym-dekorem-staly-hitem\/\"><img decoding=\"async\" loading=\"lazy\" class=\"alignnone\" title=\"Pro\u010d se obklady s d\u0159ev\u011bn\u00fdm dekorem staly hitem?\" src=\"https:\/\/cerama.sk\/informacie\/wp-content\/uploads\/2023\/09\/cz.png\" alt=\"Pro\u010d se obklady s d\u0159ev\u011bn\u00fdm dekorem staly hitem?\" width=\"32\" height=\"21\" \/><\/a> <a href=\"https:\/\/cerama.sk\/informacie\/preco-sa-obklady-s-drevenym-vzorom-stali-hitom\/\"><img decoding=\"async\" loading=\"lazy\" class=\"alignnone\" title=\"Pre\u010do sa obklady s dreven\u00fdm vzorom stali hitom?\" src=\"https:\/\/cerama.sk\/informacie\/wp-content\/uploads\/2023\/09\/sk.png\" alt=\"Pre\u010do sa obklady s dreven\u00fdm vzorom stali hitom?\" width=\"32\" height=\"21\" \/><\/a><\/p>\n","protected":false},"excerpt":{"rendered":"<p>Redizajnovanie K\u00fape\u013ene s Keramick\u00fdmi Obkladmi s Dreven\u00fdm Vzh\u013eadom Uva\u017eujete nad t\u00fdm, ako vd\u00fdchnu\u0165 va\u0161ej k\u00fape\u013eni nov\u00fd \u017eivot? Keramick\u00e9 obklady s dreven\u00fdm vzh\u013eadom pon\u00fakaj\u00fa perfektn\u00fa symbi\u00f3zu elegancie a praktickosti. V dne\u0161nom \u010dl\u00e1nku v\u00e1m predstav\u00edme v\u0161etky d\u00f4vody, pre\u010do s\u00fa obklady s imit\u00e1ciou dreva tak\u00fdm hitom a ako m\u00f4\u017eu obohati\u0165 v\u00e1\u0161 k\u00fape\u013e\u0148ov\u00fd priestor.<span class=\"more-link\"><a href=\"https:\/\/cerama.sk\/informacie\/preco-sa-obklady-s-drevenym-vzorom-stali-hitom\/\">Continue Reading<\/a><\/span><\/p>\n","protected":false},"author":2,"featured_media":555,"comment_status":"closed","ping_status":"open","sticky":false,"template":"","format":"standard","meta":{"footnotes":""},"categories":[5],"tags":[],"aioseo_notices":[],"_links":{"self":[{"href":"https:\/\/cerama.sk\/informacie\/wp-json\/wp\/v2\/posts\/549"}],"collection":[{"href":"https:\/\/cerama.sk\/informacie\/wp-json\/wp\/v2\/posts"}],"about":[{"href":"https:\/\/cerama.sk\/informacie\/wp-json\/wp\/v2\/types\/post"}],"author":[{"embeddable":true,"href":"https:\/\/cerama.sk\/informacie\/wp-json\/wp\/v2\/users\/2"}],"replies":[{"embeddable":true,"href":"https:\/\/cerama.sk\/informacie\/wp-json\/wp\/v2\/comments?post=549"}],"version-history":[{"count":9,"href":"https:\/\/cerama.sk\/informacie\/wp-json\/wp\/v2\/posts\/549\/revisions"}],"predecessor-version":[{"id":561,"href":"https:\/\/cerama.sk\/informacie\/wp-json\/wp\/v2\/posts\/549\/revisions\/561"}],"wp:featuredmedia":[{"embeddable":true,"href":"https:\/\/cerama.sk\/informacie\/wp-json\/wp\/v2\/media\/555"}],"wp:attachment":[{"href":"https:\/\/cerama.sk\/informacie\/wp-json\/wp\/v2\/media?parent=549"}],"wp:term":[{"taxonomy":"category","embeddable":true,"href":"https:\/\/cerama.sk\/informacie\/wp-json\/wp\/v2\/categories?post=549"},{"taxonomy":"post_tag","embeddable":true,"href":"https:\/\/cerama.sk\/informacie\/wp-json\/wp\/v2\/tags?post=549"}],"curies":[{"name":"wp","href":"https:\/\/api.w.org\/{rel}","templated":true}]}}