{"id":534,"date":"2023-12-26T18:23:02","date_gmt":"2023-12-26T17:23:02","guid":{"rendered":"https:\/\/cerama.sk\/informacie\/?p=534"},"modified":"2023-12-27T20:54:30","modified_gmt":"2023-12-27T19:54:30","slug":"ako-vybrat-obklady-do-malej-kupelne-10-praktickych-tipov","status":"publish","type":"post","link":"https:\/\/cerama.sk\/informacie\/ako-vybrat-obklady-do-malej-kupelne-10-praktickych-tipov\/","title":{"rendered":"Ako vybra\u0165 obklady do malej k\u00fape\u013ene? 10 praktick\u00fdch tipov"},"content":{"rendered":"<div id=\"toc_container\" class=\"have_bullets\"><p class=\"toc_title\">Obsah<\/p><ul class=\"toc_list\"><li><a href=\"#Optimalizacia_vyberu_obkladov_pre_malu_kupelnu\">Optimaliz\u00e1cia v\u00fdberu obkladov pre mal\u00fa k\u00fape\u013e\u0148u<\/a><\/li><li><a href=\"#Obklady_s_imitaciou_dreva_pre_hrejivy_dojem\">Obklady s imit\u00e1ciou dreva pre hrejiv\u00fd dojem<\/a><\/li><li><a href=\"#Velkoformatove_obklady_pre_rozsirenie_priestoru\">Ve\u013ekoform\u00e1tov\u00e9 obklady pre roz\u0161\u00edrenie priestoru<\/a><\/li><li><a href=\"#10_praktickych_rad_pre_obklady_v_malej_kupelni\">10 praktick\u00fdch r\u00e1d pre obklady v malej k\u00fape\u013eni<\/a><\/li><li><a href=\"#Rozmery_obkladaciek_do_malej_kupelne\">Rozmery obklada\u010diek do malej k\u00fape\u013ene<\/a><\/li><\/ul><\/div>\n<h2><span id=\"Optimalizacia_vyberu_obkladov_pre_malu_kupelnu\">Optimaliz\u00e1cia v\u00fdberu obkladov pre mal\u00fa k\u00fape\u013e\u0148u<\/span><\/h2>\n<p>V\u00fdber vhodn\u00fdch obkladov m\u00f4\u017ee by\u0165 k\u013e\u00fa\u010dov\u00fdm prvkom pri navrhovan\u00ed malej k\u00fape\u013ene. Aby ste dosiahli esteticky pr\u00edjemn\u00fd vzh\u013ead, ktor\u00fd z\u00e1rove\u0148 nezmen\u0161\u00ed priestor opticky, je potrebn\u00e9 zvoli\u0165 spr\u00e1vne materi\u00e1ly a vzory. Ni\u017e\u0161ie n\u00e1jdete tipy, ako na to.<\/p>\n<p>V\u00fdber <a href=\"https:\/\/cerama.sk\/\">obkladov<\/a> pre mal\u00fa k\u00fape\u013e\u0148u by mal reflektova\u0165 nielen osobn\u00fd \u0161t\u00fdl, ale aj funk\u010dnos\u0165 a optick\u00e9 roz\u0161\u00edrenie priestoru. Pri zaria\u010fovan\u00ed mal\u00fdch priestorov je k\u013e\u00fa\u010dov\u00e9 vyhn\u00fa\u0165 sa nadmern\u00e9mu vizu\u00e1lnemu za\u0165a\u017eeniu a zbyto\u010dn\u00e9mu chaosu. Preto je vhodn\u00e9 uprednostni\u0165 ve\u013ek\u00e9 jednofarebn\u00e9 obklady, ktor\u00e9 vytv\u00e1raj\u00fa dojem priestrannej\u0161ieho a ucelenej\u0161ieho interi\u00e9ru, oproti mal\u00fdm vzorovan\u00fdm obkladom.<\/p>\n<h2><span id=\"Obklady_s_imitaciou_dreva_pre_hrejivy_dojem\">Obklady s imit\u00e1ciou dreva pre hrejiv\u00fd dojem<\/span><\/h2>\n<p>Dreven\u00e9 mot\u00edvy \u00a0s\u00fa \u010dasom overenou klasikou, ktor\u00e1 sa hod\u00ed do r\u00f4znych typov interi\u00e9rov. V pr\u00edpade malej k\u00fape\u013ene s\u00fa ide\u00e1lnou vo\u013ebou svetl\u00e9 odtiene dreva, ako s\u00fa jase\u0148 alebo breza. Tieto obklady nie len\u017ee prid\u00e1vaj\u00fa interi\u00e9ru h\u013abku, ale tie\u017e odr\u00e1\u017eaj\u00fa svetlo a t\u00fdm prispievaj\u00fa k jeho svetlej\u0161iemu a priestrann\u00e9mu vzh\u013eadu. Tak\u00e9to obklady na na\u0161om e-shope v kateg\u00f3rii <a href=\"https:\/\/cerama.sk\/sk-tubadzin-korzilius-wood.html\">Tubadzin Wood.<\/a><\/p>\n<p><img decoding=\"async\" loading=\"lazy\" class=\"aligncenter wp-image-539 size-large\" title=\"Obklady s imit\u00e1ciou dreva\" src=\"https:\/\/cerama.sk\/informacie\/wp-content\/uploads\/2023\/12\/shutterstock_2276473073-1024x683.jpg\" alt=\"Obklady s imit\u00e1ciou dreva\" width=\"1024\" height=\"683\" srcset=\"https:\/\/cerama.sk\/informacie\/wp-content\/uploads\/2023\/12\/shutterstock_2276473073-1024x683.jpg 1024w, https:\/\/cerama.sk\/informacie\/wp-content\/uploads\/2023\/12\/shutterstock_2276473073-300x200.jpg 300w, https:\/\/cerama.sk\/informacie\/wp-content\/uploads\/2023\/12\/shutterstock_2276473073-768x512.jpg 768w, https:\/\/cerama.sk\/informacie\/wp-content\/uploads\/2023\/12\/shutterstock_2276473073-1536x1024.jpg 1536w, https:\/\/cerama.sk\/informacie\/wp-content\/uploads\/2023\/12\/shutterstock_2276473073-465x310.jpg 465w, https:\/\/cerama.sk\/informacie\/wp-content\/uploads\/2023\/12\/shutterstock_2276473073-695x463.jpg 695w\" sizes=\"(max-width: 1024px) 100vw, 1024px\" \/><\/p>\n<h2><span id=\"Velkoformatove_obklady_pre_rozsirenie_priestoru\">Ve\u013ekoform\u00e1tov\u00e9 obklady pre roz\u0161\u00edrenie priestoru<\/span><\/h2>\n<p>Dizajnov\u00ed experti \u010dasto odpor\u00fa\u010daj\u00fa ve\u013ekoform\u00e1tov\u00e9 obklady pre mal\u00e9 k\u00fape\u013ene. Monochromatick\u00e9, bez vzorov a so skryt\u00fdmi spojmi, tieto obklady poskytuj\u00fa il\u00faziu v\u00e4\u010d\u0161ieho a otvorenej\u0161ieho priestoru. V\u010faka ich jednoduchosti nezatienia ostatn\u00e9 prvky k\u00fape\u013ene a poskytuj\u00fa dokonal\u00e9 pozadie pre v\u00fdrazn\u00e9 k\u00fasky vybavenia, ako s\u00fa um\u00fdvadl\u00e1, otvoren\u00e9 sprchov\u00e9 kab\u00edny alebo vo\u013ene stojace vane. T\u00fdmto sp\u00f4sobom m\u00f4\u017eete zv\u00fdrazni\u0165 unik\u00e1tne prvky, ktor\u00e9 dodaj\u00fa v\u00e1\u0161mu mal\u00e9mu k\u00fape\u013e\u0148ov\u00e9mu priestoru osobit\u00fd charakter.<\/p>\n<h2><span id=\"10_praktickych_rad_pre_obklady_v_malej_kupelni\">10 praktick\u00fdch r\u00e1d pre obklady v malej k\u00fape\u013eni<\/span><\/h2>\n<p>Pri tvorbe interi\u00e9ru malej k\u00fape\u013ene je d\u00f4le\u017eit\u00e9 venova\u0165 pozornos\u0165 ka\u017ed\u00e9mu detailu, aby sme dosiahli kombin\u00e1ciu pohodlia, funk\u010dnosti a estetiky. V\u00fdber obkladov, ich rozmer, farba, text\u00fara a usporiadanie v\u00fdrazne ovplyv\u0148uj\u00fa vizu\u00e1lny dojem z priestoru. Tu s\u00fa osved\u010den\u00e9 tipy, ktor\u00e9 by ste mali zv\u00e1\u017ei\u0165 pri v\u00fdbere obkladov a dla\u017eieb do malej k\u00fape\u013ene:<\/p>\n<p><strong>1.<\/strong> Leskl\u00e9 obklady pre zv\u00e4\u010d\u0161enie priestoru<br \/>\nVyu\u017eite obklady s reflexn\u00fdm povrchom, ktor\u00e9 rozpt\u00fdlia svetlo a v kombin\u00e1cii so spr\u00e1vnym osvetlen\u00edm vytvoria il\u00faziu v\u00e4\u010d\u0161ieho priestoru.<\/p>\n<p><strong>2.<\/strong> Svetl\u00e9 a chladn\u00e9 odtiene<br \/>\nPre mal\u00e9 k\u00fape\u013ene preferujte svetl\u00e9 obklady, ktor\u00e9 opticky roz\u0161iruj\u00fa priestor. Teplej\u0161ie akcenty m\u00f4\u017eete doda\u0165 pomocou k\u00fape\u013e\u0148ov\u00fdch doplnkov. Vyhnite sa v\u00fdrazn\u00fdm kontrastn\u00fdm \u0161k\u00e1ram, ktor\u00e9 priestor zmen\u0161uj\u00fa.<\/p>\n<p><strong>3.<\/strong> Ve\u013ekoform\u00e1tov\u00e1 dla\u017eba a z\u00e1vesn\u00e1 sanit\u00e1rna keramika<br \/>\nMen\u0161\u00ed po\u010det \u0161k\u00e1r na podlahe prispieva k pocitu poriadku a priestoru. Vo ve\u013emi mal\u00fdch k\u00fape\u013eniach je vhodn\u00e9 pou\u017ei\u0165 z\u00e1vesn\u00fa sanit\u00e1rnu keramiku a minimalizova\u0165 po\u010det predmetov na podlahe.<\/p>\n<p><strong>4.<\/strong> Horizont\u00e1lne a vertik\u00e1lne vzory<br \/>\nZvo\u013ete horizont\u00e1lne alebo vertik\u00e1lne vzory pod\u013ea tvaru k\u00fape\u013ene \u2013 horizont\u00e1lne roz\u0161\u00edria, vertik\u00e1lne pred\u013a\u017eia priestor.<\/p>\n<p><strong>5.<\/strong> Vstavan\u00e9 \u00falo\u017en\u00e9 priestory s keramick\u00fdm obkladom<br \/>\nIntegrujte \u00falo\u017en\u00e9 priestory do dizajnu a dokon\u010dite ich obkladmi, \u010d\u00edm dosiahnete menej vidite\u013en\u00fdch prvkov a viac vo\u013en\u00e9ho priestoru.<\/p>\n<p><strong>6.<\/strong> Ve\u013ek\u00e9 obklady pre jednotn\u00fd vzh\u013ead<br \/>\nVe\u013ek\u00e9 obklady s minim\u00e1lnymi alebo \u00fazko rektifikovan\u00fdmi \u0161k\u00e1rami vytv\u00e1raj\u00fa efekt jednoliateho povrchu, ktor\u00fd opticky zv\u00e4\u010d\u0161uje priestor.<\/p>\n<p><strong>7.<\/strong> Obklady <a href=\"https:\/\/cerama.sk\/sk-mark-tubadzin.html\">Tubadzin<\/a> do dvoch tret\u00edn v\u00fd\u0161ky steny<br \/>\nObkladanie stien len \u010diasto\u010dne, s n\u00e1sledn\u00fdm doladen\u00edm farbou, vizu\u00e1lne zv\u00fd\u0161i steny, zvl\u00e1\u0161\u0165 s dekorat\u00edvnou li\u0161tou pod stropom.<\/p>\n<p><strong>8.<\/strong> Obd\u013a\u017enikov\u00e9 obklady pre \u0161ir\u0161\u00ed dojem<br \/>\nObklady v obd\u013a\u017enikovom form\u00e1te zv\u00e4\u010d\u0161ia vn\u00edman\u00fa \u0161\u00edrku miestnosti. Vodorovn\u00fd pruh v kontrastnej farbe e\u0161te viac roz\u0161\u00edri priestor.<\/p>\n<p><strong>9.<\/strong> Zrkadlo v rovine s obkladmi<br \/>\nZrkadl\u00e1 v rovine s obkladmi a ich schopnos\u0165 odr\u00e1\u017ea\u0165 svetlo vizu\u00e1lne zv\u00e4\u010d\u0161ia k\u00fape\u013e\u0148u.<\/p>\n<p><strong>10.<\/strong> Vyvarujte sa mal\u00fdch a detailn\u00fdch dekorov<br \/>\nZjednodu\u0161te dizajn a vyhnite sa mal\u00fdm, farebn\u00fdm dekorom, ktor\u00e9 m\u00f4\u017eu vytv\u00e1ra\u0165 dojem neporiadku a zm\u00e4tku.<\/p>\n<p>Obklady v malej k\u00fape\u013eni nemusia siaha\u0165 a\u017e k stropu. Sta\u010d\u00ed, ak s\u00fa umiestnen\u00e9 v miestach, kde je kontakt s vodou naj\u010dastej\u0161\u00ed.<\/p>\n<p>Pri k\u00fape\u013eniach bez okna je d\u00f4le\u017eit\u00e9 dba\u0165 na kvalitn\u00e9 osvetlenie. V\u00fdber svetl\u00fdch a leskl\u00fdch obkladov je v tak\u00fdchto pr\u00edpadoch k\u013e\u00fa\u010dov\u00fd, preto\u017ee umocnia sveteln\u00fd efekt a opticky roz\u0161\u00edria priestor.<\/p>\n<p><img decoding=\"async\" loading=\"lazy\" class=\"aligncenter wp-image-538 size-large\" title=\"Ve\u013ekoform\u00e1tov\u00e9 obklady\" src=\"https:\/\/cerama.sk\/informacie\/wp-content\/uploads\/2023\/12\/shutterstock_167976299-1024x683.jpg\" alt=\"Ve\u013ekoform\u00e1tov\u00e9 obklady\" width=\"1024\" height=\"683\" srcset=\"https:\/\/cerama.sk\/informacie\/wp-content\/uploads\/2023\/12\/shutterstock_167976299-1024x683.jpg 1024w, https:\/\/cerama.sk\/informacie\/wp-content\/uploads\/2023\/12\/shutterstock_167976299-300x200.jpg 300w, https:\/\/cerama.sk\/informacie\/wp-content\/uploads\/2023\/12\/shutterstock_167976299-768x512.jpg 768w, https:\/\/cerama.sk\/informacie\/wp-content\/uploads\/2023\/12\/shutterstock_167976299-1536x1024.jpg 1536w, https:\/\/cerama.sk\/informacie\/wp-content\/uploads\/2023\/12\/shutterstock_167976299-2048x1365.jpg 2048w, https:\/\/cerama.sk\/informacie\/wp-content\/uploads\/2023\/12\/shutterstock_167976299-465x310.jpg 465w, https:\/\/cerama.sk\/informacie\/wp-content\/uploads\/2023\/12\/shutterstock_167976299-695x463.jpg 695w\" sizes=\"(max-width: 1024px) 100vw, 1024px\" \/><\/p>\n<h2><span id=\"Rozmery_obkladaciek_do_malej_kupelne\">Rozmery obklada\u010diek do malej k\u00fape\u013ene<\/span><\/h2>\n<p>Pri v\u00fdbere obklada\u010diek do malej k\u00fape\u013ene odpor\u00fa\u010dame uprednostni\u0165 ve\u013ek\u00e9 \u0161tvorcov\u00e9 dla\u017edice, kde minim\u00e1lna ve\u013ekos\u0165 by mala by\u0165 60&#215;60 cm. Ide\u00e1lne s\u00fa v\u0161ak e\u0161te v\u00e4\u010d\u0161ie rozmery, ako s\u00fa 80&#215;80 cm alebo dokonca 90&#215;90 cm. Tieto ve\u013ek\u00e9 form\u00e1ty pom\u00e1haj\u00fa vizu\u00e1lne zv\u00e4\u010d\u0161i\u0165 priestor.<\/p>\n<p>Ak chcete opticky pred\u013a\u017ei\u0165 miestnos\u0165 alebo ju navonok &#8222;zv\u00fd\u0161i\u0165&#8220;, skvelou vo\u013ebou s\u00fa obklada\u010dky imituj\u00face vzh\u013ead dlh\u00fdch dosiek. Tieto m\u00f4\u017eu ma\u0165 rozmery ako 15 x 60 cm a s\u00fa k dispoz\u00edcii aj v e\u0161te dlh\u0161\u00edch variantoch, napr\u00edklad 90 cm alebo 120 cm. Pou\u017eitie obklada\u010diek bez vidite\u013en\u00fdch deliacich l\u00edni\u00ed vytv\u00e1ra il\u00faziu s\u00favisl\u00e9ho priestoru, \u010do je obzvl\u00e1\u0161\u0165 vhodn\u00e9 pre men\u0161ie k\u00fape\u013ene.<\/p>\n<p>Pre dosiahnutie maxim\u00e1lneho efektu svetlosti a vzdu\u0161nosti by va\u0161a prv\u00e1 vo\u013eba mali by\u0165 glazovan\u00e9 obklada\u010dky. Ich leskl\u00fd povrch kr\u00e1sne odr\u00e1\u017ea svetlo a prid\u00e1va k\u00fape\u013eni e\u0161te viac svetla. Kombin\u00e1cia spr\u00e1vnych rozmerov a povrchov\u00fdch \u00faprav m\u00f4\u017ee mal\u00fa k\u00fape\u013e\u0148u premeni\u0165 na vizu\u00e1lne priestrann\u00fa a svetl\u00fa o\u00e1zu pohody. In\u0161pirujte sa aj na <a href=\"https:\/\/cerama.sk\/informacie\/kupelnovy-nabytok-nove-farebne-trendy\/\">K\u00fape\u013e\u0148ov\u00fd n\u00e1bytok \u2013 nov\u00e9 farebn\u00e9 trendy<\/a><\/p>\n<hr \/>\n<p><a href=\"https:\/\/cerama.cz\/info\/jak-vybrat-obklady-do-male-koupelny-10-praktickych-tipu\/\"><img decoding=\"async\" loading=\"lazy\" class=\"alignnone\" title=\"Jak vybrat obklady do mal\u00e9 koupelny? 10 praktick\u00fdch tip\u016f\" src=\"https:\/\/cerama.sk\/informacie\/wp-content\/uploads\/2023\/09\/cz.png\" alt=\"Jak vybrat obklady do mal\u00e9 koupelny? 10 praktick\u00fdch tip\u016f\" width=\"32\" height=\"21\" \/><\/a> <a href=\"https:\/\/cerama.sk\/informacie\/ako-vybrat-obklady-do-malej-kupelne-10-praktickych-tipov\/\"><img decoding=\"async\" loading=\"lazy\" class=\"alignnone\" title=\"Ako vybra\u0165 obklady do malej k\u00fape\u013ene? 10 praktick\u00fdch tipov\" src=\"https:\/\/cerama.sk\/informacie\/wp-content\/uploads\/2023\/09\/sk.png\" alt=\"Ako vybra\u0165 obklady do malej k\u00fape\u013ene? 10 praktick\u00fdch tipov\" width=\"32\" height=\"21\" \/><\/a><\/p>\n","protected":false},"excerpt":{"rendered":"<p>ObsahOptimaliz\u00e1cia v\u00fdberu obkladov pre mal\u00fa k\u00fape\u013e\u0148uObklady s imit\u00e1ciou dreva pre hrejiv\u00fd dojemVe\u013ekoform\u00e1tov\u00e9 obklady pre roz\u0161\u00edrenie priestoru10 praktick\u00fdch r\u00e1d pre obklady v malej k\u00fape\u013eniRozmery obklada\u010diek do malej k\u00fape\u013ene Optimaliz\u00e1cia v\u00fdberu obkladov pre mal\u00fa k\u00fape\u013e\u0148u V\u00fdber vhodn\u00fdch obkladov m\u00f4\u017ee by\u0165 k\u013e\u00fa\u010dov\u00fdm prvkom pri navrhovan\u00ed malej k\u00fape\u013ene. Aby ste dosiahli esteticky pr\u00edjemn\u00fd vzh\u013ead,<span class=\"more-link\"><a href=\"https:\/\/cerama.sk\/informacie\/ako-vybrat-obklady-do-malej-kupelne-10-praktickych-tipov\/\">Continue Reading<\/a><\/span><\/p>\n","protected":false},"author":2,"featured_media":540,"comment_status":"closed","ping_status":"open","sticky":false,"template":"","format":"standard","meta":{"footnotes":""},"categories":[5],"tags":[],"aioseo_notices":[],"_links":{"self":[{"href":"https:\/\/cerama.sk\/informacie\/wp-json\/wp\/v2\/posts\/534"}],"collection":[{"href":"https:\/\/cerama.sk\/informacie\/wp-json\/wp\/v2\/posts"}],"about":[{"href":"https:\/\/cerama.sk\/informacie\/wp-json\/wp\/v2\/types\/post"}],"author":[{"embeddable":true,"href":"https:\/\/cerama.sk\/informacie\/wp-json\/wp\/v2\/users\/2"}],"replies":[{"embeddable":true,"href":"https:\/\/cerama.sk\/informacie\/wp-json\/wp\/v2\/comments?post=534"}],"version-history":[{"count":12,"href":"https:\/\/cerama.sk\/informacie\/wp-json\/wp\/v2\/posts\/534\/revisions"}],"predecessor-version":[{"id":557,"href":"https:\/\/cerama.sk\/informacie\/wp-json\/wp\/v2\/posts\/534\/revisions\/557"}],"wp:featuredmedia":[{"embeddable":true,"href":"https:\/\/cerama.sk\/informacie\/wp-json\/wp\/v2\/media\/540"}],"wp:attachment":[{"href":"https:\/\/cerama.sk\/informacie\/wp-json\/wp\/v2\/media?parent=534"}],"wp:term":[{"taxonomy":"category","embeddable":true,"href":"https:\/\/cerama.sk\/informacie\/wp-json\/wp\/v2\/categories?post=534"},{"taxonomy":"post_tag","embeddable":true,"href":"https:\/\/cerama.sk\/informacie\/wp-json\/wp\/v2\/tags?post=534"}],"curies":[{"name":"wp","href":"https:\/\/api.w.org\/{rel}","templated":true}]}}