{"id":521,"date":"2023-11-02T13:41:12","date_gmt":"2023-11-02T12:41:12","guid":{"rendered":"https:\/\/cerama.sk\/informacie\/?p=521"},"modified":"2023-11-02T15:28:19","modified_gmt":"2023-11-02T14:28:19","slug":"kupelnovy-nabytok-nove-farebne-trendy","status":"publish","type":"post","link":"https:\/\/cerama.sk\/informacie\/kupelnovy-nabytok-nove-farebne-trendy\/","title":{"rendered":"K\u00fape\u013e\u0148ov\u00fd n\u00e1bytok &#8211; nov\u00e9 farebn\u00e9 trendy"},"content":{"rendered":"<p>Chcete sa dozvedie\u0165, ktor\u00e9 farebn\u00e9 kombin\u00e1cie s\u00fa v tomto roku na vrchole trendov? \u010co by ste mali zv\u00e1\u017ei\u0165 pri navrhovan\u00ed novej k\u00fape\u013ene? A je klasick\u00fd biely k\u00fape\u013e\u0148ov\u00fd n\u00e1bytok u\u017e zastaran\u00fd?<\/p>\n<p><img decoding=\"async\" loading=\"lazy\" class=\"aligncenter wp-image-528 size-large\" title=\"K\u00fape\u013e\u0148ov\u00e1 skrinka\" src=\"https:\/\/cerama.sk\/informacie\/wp-content\/uploads\/2023\/11\/shutterstock_1962421633-1024x683.jpg\" alt=\"K\u00fape\u013e\u0148ov\u00e1 skrinka\" width=\"1024\" height=\"683\" srcset=\"https:\/\/cerama.sk\/informacie\/wp-content\/uploads\/2023\/11\/shutterstock_1962421633-1024x683.jpg 1024w, https:\/\/cerama.sk\/informacie\/wp-content\/uploads\/2023\/11\/shutterstock_1962421633-300x200.jpg 300w, https:\/\/cerama.sk\/informacie\/wp-content\/uploads\/2023\/11\/shutterstock_1962421633-768x512.jpg 768w, https:\/\/cerama.sk\/informacie\/wp-content\/uploads\/2023\/11\/shutterstock_1962421633-1536x1024.jpg 1536w, https:\/\/cerama.sk\/informacie\/wp-content\/uploads\/2023\/11\/shutterstock_1962421633-2048x1365.jpg 2048w, https:\/\/cerama.sk\/informacie\/wp-content\/uploads\/2023\/11\/shutterstock_1962421633-465x310.jpg 465w, https:\/\/cerama.sk\/informacie\/wp-content\/uploads\/2023\/11\/shutterstock_1962421633-695x463.jpg 695w\" sizes=\"(max-width: 1024px) 100vw, 1024px\" \/><\/p>\n<h2>Vyber\u00e1me farbu k\u00fape\u013e\u0148ov\u00e9ho n\u00e1bytku<\/h2>\n<p>Vo v\u00fdbere farby k\u00fape\u013ene sa nach\u00e1dzaj\u00fa nielen drevo, fialov\u00e1 alebo biela, ale aj mnoh\u00e9 \u010fal\u0161ie mo\u017enosti. T\u00e1to vo\u013eba je zlo\u017eitej\u0161ia ne\u017e rozhodnutie sa pre konkr\u00e9tnu va\u0148u alebo sprchovac\u00ed k\u00fat. Sme tu, aby sme v\u00e1m pomohli a uk\u00e1zali v\u00e1m najnov\u0161ie trendy a in\u0161pir\u00e1cie pri v\u00fdbere farieb k\u00fape\u013e\u0148ov\u00e9ho n\u00e1bytku.<\/p>\n<p>Dreven\u00fd k\u00fape\u013e\u0148ov\u00fd n\u00e1bytok sa v posledn\u00fdch rokoch op\u00e4\u0165 vracia do popredia v\u010faka mo\u017enosti pou\u017eitia pr\u00edrodn\u00fdch dosiek a panelov z exotick\u00e9ho dreva. Tento trend je vidite\u013en\u00fd vo v\u0161etk\u00fdch oblastiach dizajnu a v\u010faka zv\u00fd\u0161enej odolnosti vo\u010di vlhkosti, drevo op\u00e4\u0165 zauj\u00edma svoje miesto v k\u00fape\u013eniach.<\/p>\n<p>\u010ci u\u017e preferujete n\u00e1bytok z autentick\u00e9ho exotick\u00e9ho dreva alebo MDF s imit\u00e1ciou dreven\u00e9ho lamin\u00e1tu, dreven\u00e9 skrinky sa skvele hodia k dreven\u00fdm podlah\u00e1m a takmer v\u0161etk\u00fdm farb\u00e1m keramiky. Pre v\u00e4\u010d\u0161\u00ed kontrast, sk\u00faste kombinova\u0165 dreven\u00e9 prvky s obkladmi v dreven\u00fdch odtie\u0148och, ktor\u00e9 kombinuj\u00fa eleganciu dreva a jednoduchos\u0165 \u010distenia.<\/p>\n<p>Farebn\u00e9 akcenty v k\u00fape\u013eni u\u017e d\u00e1vno prestali by\u0165 len dom\u00e9nou doplnkov. Pomocou farebn\u00e9ho k\u00fape\u013e\u0148ov\u00e9ho n\u00e1bytku m\u00f4\u017eete dosiahnu\u0165 neobvykl\u00fd a ne\u0161tandardn\u00fd efekt. Medzi najnov\u0161ie trendy patr\u00ed v\u00fdber jasn\u00fdch farieb, ako je limetkov\u00e1, oran\u017eov\u00e1 alebo fialov\u00e1.<\/p>\n<p>Klasick\u00fd biely k\u00fape\u013e\u0148ov\u00fd n\u00e1bytok je st\u00e1le v kurze, a to najm\u00e4 tie kusy s vysok\u00fdm leskom. Tieto k\u00fasky opticky zv\u00e4\u010d\u0161uj\u00fa priestor a vynikaj\u00fa nielen v mal\u00fdch, ale aj vo ve\u013ek\u00fdch k\u00fape\u013eniach, kde dod\u00e1vaj\u00fa svetlos\u0165.<\/p>\n<p><img decoding=\"async\" loading=\"lazy\" class=\"aligncenter wp-image-527 size-large\" title=\"Biela skrinka pod um\u00fdvadlo\" src=\"https:\/\/cerama.sk\/informacie\/wp-content\/uploads\/2023\/11\/shutterstock_2165638681-1024x694.jpg\" alt=\"Biela skrinka pod um\u00fdvadlo\" width=\"1024\" height=\"694\" srcset=\"https:\/\/cerama.sk\/informacie\/wp-content\/uploads\/2023\/11\/shutterstock_2165638681-1024x694.jpg 1024w, https:\/\/cerama.sk\/informacie\/wp-content\/uploads\/2023\/11\/shutterstock_2165638681-300x203.jpg 300w, https:\/\/cerama.sk\/informacie\/wp-content\/uploads\/2023\/11\/shutterstock_2165638681-768x521.jpg 768w, https:\/\/cerama.sk\/informacie\/wp-content\/uploads\/2023\/11\/shutterstock_2165638681-1536x1041.jpg 1536w, https:\/\/cerama.sk\/informacie\/wp-content\/uploads\/2023\/11\/shutterstock_2165638681-2048x1388.jpg 2048w, https:\/\/cerama.sk\/informacie\/wp-content\/uploads\/2023\/11\/shutterstock_2165638681-465x315.jpg 465w, https:\/\/cerama.sk\/informacie\/wp-content\/uploads\/2023\/11\/shutterstock_2165638681-695x471.jpg 695w\" sizes=\"(max-width: 1024px) 100vw, 1024px\" \/><\/p>\n<p>Najpopul\u00e1rnej\u0161ie s\u00fa zostavy ako Ko\u0142o Traffic alebo Twins, ktor\u00e9 zah\u0155\u0148aj\u00fa nielen skrinky pod um\u00fdvadlo a st\u013apiky, ale aj celkov\u00e9 rie\u0161enia k\u00fape\u013e\u0148ov\u00e9ho n\u00e1bytku a sanit\u00e1rnej keramiky. V\u010faka dokonalej harm\u00f3nii tieto zostavy vytv\u00e1raj\u00fa modern\u00fd a jednotn\u00fd priestor.<\/p>\n<hr \/>\n<p><a href=\"https:\/\/cerama.cz\/info\/koupelnovy-nabytek-nove-barevne-trendy\/\"><img decoding=\"async\" loading=\"lazy\" class=\"alignnone\" title=\"Koupelnov\u00fd n\u00e1bytek \u2013 nov\u00e9 barevn\u00e9 trendy\" src=\"https:\/\/cerama.sk\/informacie\/wp-content\/uploads\/2023\/09\/cz.png\" alt=\"Koupelnov\u00fd n\u00e1bytek \u2013 nov\u00e9 barevn\u00e9 trendy\" width=\"32\" height=\"21\" \/><\/a> <a href=\"https:\/\/cerama.sk\/informacie\/kupelnovy-nabytok-nove-farebne-trendy\/\"><img decoding=\"async\" loading=\"lazy\" class=\"alignnone\" title=\"K\u00fape\u013e\u0148ov\u00fd n\u00e1bytok \u2013 nov\u00e9 farebn\u00e9 trendy\" src=\"https:\/\/cerama.sk\/informacie\/wp-content\/uploads\/2023\/09\/sk.png\" alt=\"K\u00fape\u013e\u0148ov\u00fd n\u00e1bytok \u2013 nov\u00e9 farebn\u00e9 trendy\" width=\"32\" height=\"21\" \/><\/a><\/p>\n","protected":false},"excerpt":{"rendered":"<p>Chcete sa dozvedie\u0165, ktor\u00e9 farebn\u00e9 kombin\u00e1cie s\u00fa v tomto roku na vrchole trendov? \u010co by ste mali zv\u00e1\u017ei\u0165 pri navrhovan\u00ed novej k\u00fape\u013ene? A je klasick\u00fd biely k\u00fape\u013e\u0148ov\u00fd n\u00e1bytok u\u017e zastaran\u00fd? Vyber\u00e1me farbu k\u00fape\u013e\u0148ov\u00e9ho n\u00e1bytku Vo v\u00fdbere farby k\u00fape\u013ene sa nach\u00e1dzaj\u00fa nielen drevo, fialov\u00e1 alebo biela, ale aj mnoh\u00e9 \u010fal\u0161ie mo\u017enosti.<span class=\"more-link\"><a href=\"https:\/\/cerama.sk\/informacie\/kupelnovy-nabytok-nove-farebne-trendy\/\">Continue Reading<\/a><\/span><\/p>\n","protected":false},"author":2,"featured_media":526,"comment_status":"closed","ping_status":"open","sticky":false,"template":"","format":"standard","meta":{"footnotes":""},"categories":[2],"tags":[],"aioseo_notices":[],"_links":{"self":[{"href":"https:\/\/cerama.sk\/informacie\/wp-json\/wp\/v2\/posts\/521"}],"collection":[{"href":"https:\/\/cerama.sk\/informacie\/wp-json\/wp\/v2\/posts"}],"about":[{"href":"https:\/\/cerama.sk\/informacie\/wp-json\/wp\/v2\/types\/post"}],"author":[{"embeddable":true,"href":"https:\/\/cerama.sk\/informacie\/wp-json\/wp\/v2\/users\/2"}],"replies":[{"embeddable":true,"href":"https:\/\/cerama.sk\/informacie\/wp-json\/wp\/v2\/comments?post=521"}],"version-history":[{"count":7,"href":"https:\/\/cerama.sk\/informacie\/wp-json\/wp\/v2\/posts\/521\/revisions"}],"predecessor-version":[{"id":524,"href":"https:\/\/cerama.sk\/informacie\/wp-json\/wp\/v2\/posts\/521\/revisions\/524"}],"wp:featuredmedia":[{"embeddable":true,"href":"https:\/\/cerama.sk\/informacie\/wp-json\/wp\/v2\/media\/526"}],"wp:attachment":[{"href":"https:\/\/cerama.sk\/informacie\/wp-json\/wp\/v2\/media?parent=521"}],"wp:term":[{"taxonomy":"category","embeddable":true,"href":"https:\/\/cerama.sk\/informacie\/wp-json\/wp\/v2\/categories?post=521"},{"taxonomy":"post_tag","embeddable":true,"href":"https:\/\/cerama.sk\/informacie\/wp-json\/wp\/v2\/tags?post=521"}],"curies":[{"name":"wp","href":"https:\/\/api.w.org\/{rel}","templated":true}]}}