{"id":367,"date":"2023-10-12T17:16:43","date_gmt":"2023-10-12T15:16:43","guid":{"rendered":"https:\/\/cerama.sk\/informacie\/?p=367"},"modified":"2023-10-13T11:41:55","modified_gmt":"2023-10-13T09:41:55","slug":"kupelnove-zrkadla-cesta-k-jasnejsiemu-interieru","status":"publish","type":"post","link":"https:\/\/cerama.sk\/informacie\/kupelnove-zrkadla-cesta-k-jasnejsiemu-interieru\/","title":{"rendered":"K\u00fape\u013e\u0148ov\u00e9 zrkadl\u00e1 &#8211; cesta k jasnej\u0161iemu interi\u00e9ru"},"content":{"rendered":"<div id=\"toc_container\" class=\"have_bullets\"><p class=\"toc_title\">Obsah<\/p><ul class=\"toc_list\"><li><a href=\"#Zrkadlo_do_velkej_kupelne\">Zrkadlo do ve\u013ekej k\u00fape\u013ene<\/a><\/li><li><a href=\"#Ako_vy_vyuzivate_zrkadla_pri_zariadeni_kupelne\">Ako vy vyu\u017e\u00edvate zrkadl\u00e1 pri zariaden\u00ed k\u00fape\u013ene?<\/a><\/li><li><a href=\"#Kupelnove_zrkadla_a_osvetlenie\">K\u00fape\u013e\u0148ov\u00e9 zrkadl\u00e1 a osvetlenie<\/a><\/li><li><a href=\"#Metamorfoza_kupelne8230_a_vas\">Metamorf\u00f3za k\u00fape\u013ene&#8230; a v\u00e1s!<\/a><\/li><\/ul><\/div>\n<h2><span id=\"Zrkadlo_do_velkej_kupelne\">Zrkadlo do ve\u013ekej k\u00fape\u013ene<\/span><\/h2>\n<p>Zrkadl\u00e1 nielen\u017ee s\u00fa neoddelite\u013enou s\u00fa\u010das\u0165ou ka\u017edej k\u00fape\u013ene, ale aj cenami oce\u0148ovan\u00fdm n\u00e1strojom na aran\u017eovanie mal\u00fdch priestorov.<\/p>\n<p>V\u00fdber spr\u00e1vneho k\u00fape\u013e\u0148ov\u00e9ho zrkadla n\u00e1m m\u00f4\u017ee umo\u017eni\u0165 vytvori\u0165 vizu\u00e1lny klam a opticky roz\u0161\u00edri\u0165 a zjasni\u0165 priestor. Zrkadl\u00e1 dok\u00e1\u017eu \u00fa\u017easne opticky zv\u00e4\u010d\u0161i\u0165 miestnos\u0165.<\/p>\n<h2><span id=\"Ako_vy_vyuzivate_zrkadla_pri_zariadeni_kupelne\">Ako vy vyu\u017e\u00edvate zrkadl\u00e1 pri zariaden\u00ed k\u00fape\u013ene?<\/span><\/h2>\n<p>Mal\u00e1 k\u00fape\u013e\u0148a vybaven\u00e1 ve\u013ek\u00fdm zrkadlom z\u00edskava pocit v\u00e4\u010d\u0161ieho priestoru. Ak to okolnosti dovo\u013euj\u00fa, je v\u00fdhodn\u00e9 umiestni\u0165 zrkadlo pozd\u013a\u017e celej steny. Zauj\u00edmav\u00fd efekt m\u00f4\u017eu vytvori\u0165 aj dve zrkadl\u00e1 umiestnen\u00e9 oproti sebe, ktor\u00e9 vizu\u00e1lne roz\u0161\u00edria priestor.<\/p>\n<p>Horizont\u00e1lne zrkadl\u00e1 do k\u00fape\u013ene s\u00fa najpraktickej\u0161ie &#8211; odraz n\u00e1\u0161ho obrazu je dostato\u010dn\u00fd a navy\u0161e je tak\u00e9to zrkadlo \u013eah\u0161ie udr\u017eiavate\u013en\u00e9. Tento typ zrkadla, opticky zn\u00ed\u017ei pr\u00edli\u0161 vysok\u00fa miestnos\u0165, najlep\u0161ie ak je umiestnen\u00e9 na viacer\u00fdch sten\u00e1ch.<\/p>\n<p>V pr\u00edpade n\u00edzkych interi\u00e9rov, ako je napr\u00edklad k\u00fape\u013e\u0148a v podkrov\u00ed, vertik\u00e1lne umiestnenie zrkadla opticky zv\u00fd\u0161i strop. Hoci je toto rie\u0161enie menej praktick\u00e9, vytv\u00e1ra efektn\u00fd dojem a zrkadlo od podlahy po strop vyzer\u00e1 kr\u00e1sne aj v mal\u00fdch k\u00fape\u013eniach.<\/p>\n<p><img decoding=\"async\" loading=\"lazy\" class=\"aligncenter wp-image-374 size-large\" title=\"K\u00fape\u013e\u0148ov\u00e9 zrkadl\u00e1\" src=\"https:\/\/cerama.sk\/informacie\/wp-content\/uploads\/2023\/10\/shutterstock_2261490015-1024x819.jpg\" alt=\"K\u00fape\u013e\u0148ov\u00e9 zrkadl\u00e1\" width=\"1024\" height=\"819\" srcset=\"https:\/\/cerama.sk\/informacie\/wp-content\/uploads\/2023\/10\/shutterstock_2261490015-1024x819.jpg 1024w, https:\/\/cerama.sk\/informacie\/wp-content\/uploads\/2023\/10\/shutterstock_2261490015-300x240.jpg 300w, https:\/\/cerama.sk\/informacie\/wp-content\/uploads\/2023\/10\/shutterstock_2261490015-768x614.jpg 768w, https:\/\/cerama.sk\/informacie\/wp-content\/uploads\/2023\/10\/shutterstock_2261490015-1536x1229.jpg 1536w, https:\/\/cerama.sk\/informacie\/wp-content\/uploads\/2023\/10\/shutterstock_2261490015-2048x1638.jpg 2048w, https:\/\/cerama.sk\/informacie\/wp-content\/uploads\/2023\/10\/shutterstock_2261490015-465x372.jpg 465w, https:\/\/cerama.sk\/informacie\/wp-content\/uploads\/2023\/10\/shutterstock_2261490015-625x500.jpg 625w\" sizes=\"(max-width: 1024px) 100vw, 1024px\" \/><\/p>\n<h2><span id=\"Kupelnove_zrkadla_a_osvetlenie\">K\u00fape\u013e\u0148ov\u00e9 zrkadl\u00e1 a osvetlenie<\/span><\/h2>\n<p>K\u00fape\u013e\u0148ov\u00e9 zrkadl\u00e1 s\u00fa schopn\u00e9 premeni\u0165 aj zle osvetlen\u00fa k\u00fape\u013e\u0148u. Ak ich spr\u00e1vne umiestnite vo vz\u0165ahu k zdroju svetla, miestnos\u0165 sa stane dvojn\u00e1sobne svetlou. Svetlo zrkadla je mo\u017en\u00e9 zv\u00fdrazni\u0165 pomocou bo\u010dn\u00e9ho osvetlenia umiestnen\u00e9ho na oboch stran\u00e1ch zrkadla. Line\u00e1rne svietidl\u00e1 a n\u00e1stenn\u00e9 lampy by mali by\u0165 umiestnen\u00e9 na \u00farovni na\u0161ich o\u010d\u00ed, aby sme nemali probl\u00e9my s l\u00ed\u010den\u00edm alebo holen\u00edm.<\/p>\n<p>Pri zaria\u010fovan\u00ed modern\u00e9ho dizajnu k\u00fape\u013ene m\u00f4\u017eeme zvoli\u0165 zrkadlo s nain\u0161talovan\u00fdmi LED di\u00f3dami, ktor\u00e9 n\u00e1m poskytn\u00fa unik\u00e1tny dizajn, energetick\u00fa \u00fa\u010dinnos\u0165 a vynikaj\u00face osvetlenie.<\/p>\n<h2><span id=\"Metamorfoza_kupelne8230_a_vas\">Metamorf\u00f3za k\u00fape\u013ene&#8230; a v\u00e1s!<\/span><\/h2>\n<p>Lep\u0161ie osvetlen\u00e1 a priestrannej\u0161ia k\u00fape\u013e\u0148a ur\u010dite o\u017eiv\u00ed celkov\u00fd vzh\u013ead bytu. Aj n\u00e1\u0161 odraz bude vyzera\u0165 svie\u017eej\u0161ie, preto\u017ee zrkadl\u00e1 maj\u00fa jedine\u010dn\u00fa schopnos\u0165 robi\u0165 metamorf\u00f3zy.<\/p>\n<p>Je podstatn\u00e9 vybra\u0165 k\u00fape\u013e\u0148ov\u00e9 zrkadlo, ktor\u00e9 je v s\u00falade so \u0161t\u00fdlom interi\u00e9ru, aby sa harm\u00f3nicky hodilo so zvy\u0161kom miestnosti. V modernej a minimalistick\u00e9 k\u00fape\u013eni bude najlep\u0161ie p\u00f4sobi\u0165 sklo namontovan\u00e9 priamo na stene. Naopak, \u0165a\u017ek\u00e9 zrkadl\u00e1 v bohato zdoben\u00fdch r\u00e1moch bud\u00fa vyzera\u0165 skvele v klasick\u00fdch alebo retro k\u00fape\u013eniach.<\/p>\n<hr \/>\n<p><a href=\"https:\/\/cerama.cz\/info\/koupelnova-zrcadla-cesta-ke-svetlejsimu-interieru\/\"><img decoding=\"async\" loading=\"lazy\" class=\"alignnone\" title=\"Koupelnov\u00e1 zrcadla \u2013 cesta ke sv\u011btlej\u0161\u00edmu interi\u00e9ru\" src=\"https:\/\/cerama.sk\/informacie\/wp-content\/uploads\/2023\/09\/cz.png\" alt=\"Koupelnov\u00e1 zrcadla \u2013 cesta ke sv\u011btlej\u0161\u00edmu interi\u00e9ru\" width=\"32\" height=\"21\" \/><\/a> <a href=\"https:\/\/cerama.sk\/informacie\/kupelnove-zrkadla-cesta-k-jasnejsiemu-interieru\/\"><img decoding=\"async\" loading=\"lazy\" class=\"alignnone\" title=\"K\u00fape\u013e\u0148ov\u00e9 zrkadl\u00e1 \u2013 cesta k jasnej\u0161iemu interi\u00e9ru\" src=\"https:\/\/cerama.sk\/informacie\/wp-content\/uploads\/2023\/09\/sk.png\" alt=\"K\u00fape\u013e\u0148ov\u00e9 zrkadl\u00e1 \u2013 cesta k jasnej\u0161iemu interi\u00e9ru\" width=\"32\" height=\"21\" \/><\/a><\/p>\n","protected":false},"excerpt":{"rendered":"<p>ObsahZrkadlo do ve\u013ekej k\u00fape\u013eneAko vy vyu\u017e\u00edvate zrkadl\u00e1 pri zariaden\u00ed k\u00fape\u013ene?K\u00fape\u013e\u0148ov\u00e9 zrkadl\u00e1 a osvetlenieMetamorf\u00f3za k\u00fape\u013ene&#8230; a v\u00e1s! Zrkadlo do ve\u013ekej k\u00fape\u013ene Zrkadl\u00e1 nielen\u017ee s\u00fa neoddelite\u013enou s\u00fa\u010das\u0165ou ka\u017edej k\u00fape\u013ene, ale aj cenami oce\u0148ovan\u00fdm n\u00e1strojom na aran\u017eovanie mal\u00fdch priestorov. V\u00fdber spr\u00e1vneho k\u00fape\u013e\u0148ov\u00e9ho zrkadla n\u00e1m m\u00f4\u017ee umo\u017eni\u0165 vytvori\u0165 vizu\u00e1lny klam a opticky roz\u0161\u00edri\u0165 a<span class=\"more-link\"><a href=\"https:\/\/cerama.sk\/informacie\/kupelnove-zrkadla-cesta-k-jasnejsiemu-interieru\/\">Continue Reading<\/a><\/span><\/p>\n","protected":false},"author":2,"featured_media":375,"comment_status":"closed","ping_status":"open","sticky":false,"template":"","format":"standard","meta":{"footnotes":""},"categories":[2],"tags":[],"aioseo_notices":[],"_links":{"self":[{"href":"https:\/\/cerama.sk\/informacie\/wp-json\/wp\/v2\/posts\/367"}],"collection":[{"href":"https:\/\/cerama.sk\/informacie\/wp-json\/wp\/v2\/posts"}],"about":[{"href":"https:\/\/cerama.sk\/informacie\/wp-json\/wp\/v2\/types\/post"}],"author":[{"embeddable":true,"href":"https:\/\/cerama.sk\/informacie\/wp-json\/wp\/v2\/users\/2"}],"replies":[{"embeddable":true,"href":"https:\/\/cerama.sk\/informacie\/wp-json\/wp\/v2\/comments?post=367"}],"version-history":[{"count":8,"href":"https:\/\/cerama.sk\/informacie\/wp-json\/wp\/v2\/posts\/367\/revisions"}],"predecessor-version":[{"id":377,"href":"https:\/\/cerama.sk\/informacie\/wp-json\/wp\/v2\/posts\/367\/revisions\/377"}],"wp:featuredmedia":[{"embeddable":true,"href":"https:\/\/cerama.sk\/informacie\/wp-json\/wp\/v2\/media\/375"}],"wp:attachment":[{"href":"https:\/\/cerama.sk\/informacie\/wp-json\/wp\/v2\/media?parent=367"}],"wp:term":[{"taxonomy":"category","embeddable":true,"href":"https:\/\/cerama.sk\/informacie\/wp-json\/wp\/v2\/categories?post=367"},{"taxonomy":"post_tag","embeddable":true,"href":"https:\/\/cerama.sk\/informacie\/wp-json\/wp\/v2\/tags?post=367"}],"curies":[{"name":"wp","href":"https:\/\/api.w.org\/{rel}","templated":true}]}}