{"id":323,"date":"2023-10-04T15:47:58","date_gmt":"2023-10-04T13:47:58","guid":{"rendered":"https:\/\/cerama.sk\/informacie\/?p=323"},"modified":"2023-10-06T14:30:47","modified_gmt":"2023-10-06T12:30:47","slug":"vyber-osvetlenia-do-kupelne","status":"publish","type":"post","link":"https:\/\/cerama.sk\/informacie\/vyber-osvetlenia-do-kupelne\/","title":{"rendered":"V\u00fdber osvetlenia do k\u00fape\u013ene"},"content":{"rendered":"<div id=\"toc_container\" class=\"have_bullets\"><p class=\"toc_title\">Obsah<\/p><ul class=\"toc_list\"><li><a href=\"#Vyber_kupelnovych_svietidiel_Optimalne_osvetlenie_pre_bezpecnost_a_estetiku\">V\u00fdber k\u00fape\u013e\u0148ov\u00fdch svietidiel: Optim\u00e1lne osvetlenie pre bezpe\u010dnos\u0165 a estetiku<\/a><\/li><li><a href=\"#Technicke_specifikacie\">Technick\u00e9 \u0161pecifik\u00e1cie<\/a><\/li><li><a href=\"#Rozmiestnenie_svetla_v_kupelni\">Rozmiestnenie svetla v k\u00fape\u013eni<\/a><\/li><li><a href=\"#Osvetlenie_nad_zrkadlom\">Osvetlenie nad zrkadlom<\/a><\/li><li><a href=\"#Atmosfericke_vecerne_osvetlenie\">Atmosf\u00e9rick\u00e9 ve\u010dern\u00e9 osvetlenie<\/a><\/li><li><a href=\"#Pohodlne_a_energeticky_usporne_spinace\">Pohodln\u00e9 a energeticky \u00fasporn\u00e9 sp\u00edna\u010de<\/a><\/li><li><a href=\"#Dalsie_svetla\">\u010eal\u0161ie svetl\u00e1<\/a><\/li><\/ul><\/div>\n<h2><span id=\"Vyber_kupelnovych_svietidiel_Optimalne_osvetlenie_pre_bezpecnost_a_estetiku\">V\u00fdber k\u00fape\u013e\u0148ov\u00fdch svietidiel: Optim\u00e1lne osvetlenie pre bezpe\u010dnos\u0165 a estetiku<\/span><\/h2>\n<p>Predt\u00fdm ako prist\u00fapite k renov\u00e1cii alebo zaria\u010fovaniu interi\u00e9ru k\u00fape\u013ene, je d\u00f4le\u017eit\u00e9 premyslie\u0165 si typ osvetlenia a jeho umiestnenie. Tu je nieko\u013eko tipov, ako na to.<\/p>\n<p>Estetika a bezpe\u010dnos\u0165 s\u00fa dve z\u00e1sadn\u00e9 krit\u00e9ri\u00e1, na ktor\u00e9 by sme sa mali zamera\u0165 pri v\u00fdbere svietidiel do k\u00fape\u013ene. Ak\u00e9 je teda ide\u00e1lne osvetlenie pre k\u00fape\u013e\u0148u?<\/p>\n<h2><span id=\"Technicke_specifikacie\">Technick\u00e9 \u0161pecifik\u00e1cie<\/span><\/h2>\n<p>Osvetlenie do k\u00fape\u013ene by malo by\u0165 nap\u00e1jan\u00e9 na 12V a ma\u0165 vysok\u00fd ochrann\u00fd faktor &#8211; IP44 alebo IP55. Tento typ osvetlenia poskytuje vysok\u00fa mieru bezpe\u010dnosti a minimalizuje riziko elektrick\u00fdch \u00farazov. Nev\u00fdhodou m\u00f4\u017ee by\u0165 potreba dodato\u010dn\u00e9ho nap\u00e1jacieho zdroja.<\/p>\n<p>Pod\u013ea aktu\u00e1lnej normy PN-91\/E-05009\/701 by mali by\u0165 svietidl\u00e1 umiestnen\u00e9 aspo\u0148 60 cm od vane alebo sprchy a viac ako 2,25 m od podlahy. Pre k\u00fape\u013e\u0148u s plochou pribli\u017ene 6 m2 by mala sta\u010di\u0165 75W \u017eiarovka umiestnen\u00e1 v strede stropu. Pri v\u00fdbere v\u00fdkonu \u017eiarovky by sme mali zoh\u013eadni\u0165 aj dominantn\u00fa farbu k\u00fape\u013ene. Tmav\u00e9 obklada\u010dky na sten\u00e1ch a podlahe si vy\u017eaduj\u00fa silnej\u0161ie osvetlenie ne\u017e svetl\u00e9 farby.<\/p>\n<p><img decoding=\"async\" loading=\"lazy\" class=\"aligncenter wp-image-330\" title=\"Osvetlenie zrkadlom\" src=\"https:\/\/cerama.sk\/informacie\/wp-content\/uploads\/2023\/10\/shutterstock_1850396851.jpg\" alt=\"Osvetlenie zrkadlom\" width=\"992\" height=\"595\" \/><\/p>\n<h2><span id=\"Rozmiestnenie_svetla_v_kupelni\">Rozmiestnenie svetla v k\u00fape\u013eni<\/span><\/h2>\n<p>Ke\u010f m\u00e1me jasno v technick\u00fdch \u0161pecifik\u00e1ci\u00e1ch, je \u010das zamyslie\u0165 sa nad optimaliz\u00e1ciou umiestnenia svetla v k\u00fape\u013eni. Na za\u010diatku d\u0148a potrebujeme jasn\u00e9 osvetlenie na prec\u00edzne l\u00ed\u010denie \u010di holenie, zatia\u013e \u010do ve\u010der uprednost\u0148ujeme pokojn\u00e9 a relaxa\u010dn\u00e9 svetlo.<\/p>\n<p>Na dosiahnutie t\u00fdchto cie\u013eov je vhodn\u00e9 zvoli\u0165 viacero sveteln\u00fdch bodov umiestnen\u00fdch na r\u00f4znych miestach k\u00fape\u013ene. V men\u0161ej k\u00fape\u013eni by mali sta\u010di\u0165 stropn\u00e9 svietidlo a lampy pri zrkadle. Vo v\u00e4\u010d\u0161\u00edch k\u00fape\u013eniach je vhodn\u00e9 doplni\u0165 stropn\u00e9 osvetlenie o svietidl\u00e1 pri zrkadle a dodato\u010dn\u00e9 n\u00e1stenn\u00e9 lampy ved\u013ea vane alebo sprchy.<\/p>\n<h2><span id=\"Osvetlenie_nad_zrkadlom\">Osvetlenie nad zrkadlom<\/span><\/h2>\n<p>Osvetlenie zrkadla hr\u00e1 v k\u00fape\u013eni k\u013e\u00fa\u010dov\u00fa \u00falohu. Okrem hlavn\u00e9ho svetla by malo by\u0165 mo\u017en\u00e9 zapn\u00fa\u0165 aj dodato\u010dn\u00e9 osvetlenie v oblasti um\u00fdvadla a zrkadla. Svetlo by malo by\u0165 nastaven\u00e9 tak, aby rovnomerne osvet\u013eovalo tv\u00e1r bez vytv\u00e1rania tie\u0148ov pod o\u010dami a nemenilo odtie\u0148 pleti.<\/p>\n<p>Preto je ide\u00e1lne umiestni\u0165 svietidlo s matn\u00fdm sklom na oboch stran\u00e1ch zrkadla. Tak\u00e9to osvetlenie m\u00f4\u017eete doplni\u0165 aj o svietidlo umiestnen\u00e9 nad zrkadlom. D\u00e1vajte v\u0161ak pozor, aby ste nein\u0161talovali svietidlo oproti zrkadlu, preto\u017ee sa bude v zrkadle odr\u00e1\u017ea\u0165 a osl\u0148ova\u0165 v\u00e1s. Tie\u017e sa odpor\u00fa\u010da vyhn\u00fa\u0165 sa farebn\u00fdm svietidl\u00e1m, ktor\u00e9 m\u00f4\u017eu zmeni\u0165 t\u00f3n pleti.<\/p>\n<p><img decoding=\"async\" loading=\"lazy\" class=\"aligncenter wp-image-329 size-large\" title=\"Osvetlenie nad zrkadlom\" src=\"https:\/\/cerama.sk\/informacie\/wp-content\/uploads\/2023\/10\/shutterstock_1816250159-1024x725.jpg\" alt=\"Osvetlenie nad zrkadlom\" width=\"1024\" height=\"725\" srcset=\"https:\/\/cerama.sk\/informacie\/wp-content\/uploads\/2023\/10\/shutterstock_1816250159-1024x725.jpg 1024w, https:\/\/cerama.sk\/informacie\/wp-content\/uploads\/2023\/10\/shutterstock_1816250159-300x213.jpg 300w, https:\/\/cerama.sk\/informacie\/wp-content\/uploads\/2023\/10\/shutterstock_1816250159-768x544.jpg 768w, https:\/\/cerama.sk\/informacie\/wp-content\/uploads\/2023\/10\/shutterstock_1816250159-1536x1088.jpg 1536w, https:\/\/cerama.sk\/informacie\/wp-content\/uploads\/2023\/10\/shutterstock_1816250159-2048x1451.jpg 2048w, https:\/\/cerama.sk\/informacie\/wp-content\/uploads\/2023\/10\/shutterstock_1816250159-465x329.jpg 465w, https:\/\/cerama.sk\/informacie\/wp-content\/uploads\/2023\/10\/shutterstock_1816250159-695x492.jpg 695w\" sizes=\"(max-width: 1024px) 100vw, 1024px\" \/><\/p>\n<h2><span id=\"Atmosfericke_vecerne_osvetlenie\">Atmosf\u00e9rick\u00e9 ve\u010dern\u00e9 osvetlenie<\/span><\/h2>\n<p>Jasn\u00e9 osvetlenie okolo zrkadla je vhodn\u00e9 hlavne na rann\u00e9 hodiny. No \u010do na ve\u010dern\u00fd relax? Pre tak\u00e9to pr\u00edle\u017eitosti je ide\u00e1lne tmav\u00e9, atmosf\u00e9rick\u00e9 osvetlenie. To m\u00f4\u017ee by\u0165 zabezpe\u010den\u00e9 n\u00e1stenn\u00fdmi lampami s mlie\u010dnymi \u017eiarovkami umiestnen\u00fdmi v bezpe\u010dnej vzdialenosti od vane alebo sprchy.<\/p>\n<p>V s\u00fa\u010dasnosti je modern\u00e9 in\u0161talova\u0165 osvetlenie &#8211; bu\u010f LED, alebo s pomocou \u0161peci\u00e1lnych \u017eiaroviek &#8211; pod va\u0148u alebo sprchu. Doplnen\u00e9 o svetlo svie\u010dok, vytvoria dokonal\u00fa relaxa\u010dn\u00fa atmosf\u00e9ru po n\u00e1ro\u010dnom dni.<\/p>\n<h2><span id=\"Pohodlne_a_energeticky_usporne_spinace\">Pohodln\u00e9 a energeticky \u00fasporn\u00e9 sp\u00edna\u010de<\/span><\/h2>\n<p>Ak u\u017e m\u00e1te jasno, ak\u00e9 typy osvetlenia do k\u00fape\u013ene zvol\u00edte, mali by ste sa uisti\u0165, \u017ee ka\u017ed\u00e9 z nich m\u00e1 samostatn\u00fd vyp\u00edna\u010d. Najuniverz\u00e1lnej\u0161ie a najviac pou\u017e\u00edvan\u00e9 svetlo po\u010das d\u0148a, teda stropn\u00e9 svetlo, je vhodn\u00e9 pripoji\u0165 k vyp\u00edna\u010du na stene pri vchode do k\u00fape\u013ene.<\/p>\n<h2><span id=\"Dalsie_svetla\">\u010eal\u0161ie svetl\u00e1<\/span><\/h2>\n<p>Rozhodne odpor\u00fa\u010dam, aby ste pre \u010fal\u0161ie svetl\u00e1 pri zrkadle a n\u00e1ladov\u00e9 svetl\u00e1 pri vani alebo sprche, zvolili samostatn\u00e9 vyp\u00edna\u010de, ktor\u00e9 by ste mohli zap\u00edna\u0165 len v pr\u00edpade potreby. Toto usporiadanie je nielen praktick\u00e9, ale aj energeticky efekt\u00edvne.<\/p>\n<hr \/>\n<p><a href=\"https:\/\/cerama.cz\/info\/vyber-osvetleni-do-koupelny\/\"><img decoding=\"async\" loading=\"lazy\" class=\"alignnone\" title=\"V\u00fdb\u011br osv\u011btlen\u00ed do koupelny\" src=\"https:\/\/cerama.sk\/informacie\/wp-content\/uploads\/2023\/09\/cz.png\" alt=\"V\u00fdb\u011br osv\u011btlen\u00ed do koupelny\" width=\"32\" height=\"21\" \/><\/a> <a href=\"https:\/\/cerama.sk\/informacie\/vyber-osvetlenia-do-kupelne\/\"><img decoding=\"async\" loading=\"lazy\" class=\"alignnone\" title=\"V\u00fdber osvetlenia do k\u00fape\u013ene\" src=\"https:\/\/cerama.sk\/informacie\/wp-content\/uploads\/2023\/09\/sk.png\" alt=\"V\u00fdber osvetlenia do k\u00fape\u013ene\" width=\"32\" height=\"21\" \/><\/a><\/p>\n","protected":false},"excerpt":{"rendered":"<p>ObsahV\u00fdber k\u00fape\u013e\u0148ov\u00fdch svietidiel: Optim\u00e1lne osvetlenie pre bezpe\u010dnos\u0165 a estetikuTechnick\u00e9 \u0161pecifik\u00e1cieRozmiestnenie svetla v k\u00fape\u013eniOsvetlenie nad zrkadlomAtmosf\u00e9rick\u00e9 ve\u010dern\u00e9 osvetleniePohodln\u00e9 a energeticky \u00fasporn\u00e9 sp\u00edna\u010de\u010eal\u0161ie svetl\u00e1 V\u00fdber k\u00fape\u013e\u0148ov\u00fdch svietidiel: Optim\u00e1lne osvetlenie pre bezpe\u010dnos\u0165 a estetiku Predt\u00fdm ako prist\u00fapite k renov\u00e1cii alebo zaria\u010fovaniu interi\u00e9ru k\u00fape\u013ene, je d\u00f4le\u017eit\u00e9 premyslie\u0165 si typ osvetlenia a jeho umiestnenie. Tu<span class=\"more-link\"><a href=\"https:\/\/cerama.sk\/informacie\/vyber-osvetlenia-do-kupelne\/\">Continue Reading<\/a><\/span><\/p>\n","protected":false},"author":2,"featured_media":331,"comment_status":"closed","ping_status":"open","sticky":false,"template":"","format":"standard","meta":{"footnotes":""},"categories":[2],"tags":[],"aioseo_notices":[],"_links":{"self":[{"href":"https:\/\/cerama.sk\/informacie\/wp-json\/wp\/v2\/posts\/323"}],"collection":[{"href":"https:\/\/cerama.sk\/informacie\/wp-json\/wp\/v2\/posts"}],"about":[{"href":"https:\/\/cerama.sk\/informacie\/wp-json\/wp\/v2\/types\/post"}],"author":[{"embeddable":true,"href":"https:\/\/cerama.sk\/informacie\/wp-json\/wp\/v2\/users\/2"}],"replies":[{"embeddable":true,"href":"https:\/\/cerama.sk\/informacie\/wp-json\/wp\/v2\/comments?post=323"}],"version-history":[{"count":7,"href":"https:\/\/cerama.sk\/informacie\/wp-json\/wp\/v2\/posts\/323\/revisions"}],"predecessor-version":[{"id":334,"href":"https:\/\/cerama.sk\/informacie\/wp-json\/wp\/v2\/posts\/323\/revisions\/334"}],"wp:featuredmedia":[{"embeddable":true,"href":"https:\/\/cerama.sk\/informacie\/wp-json\/wp\/v2\/media\/331"}],"wp:attachment":[{"href":"https:\/\/cerama.sk\/informacie\/wp-json\/wp\/v2\/media?parent=323"}],"wp:term":[{"taxonomy":"category","embeddable":true,"href":"https:\/\/cerama.sk\/informacie\/wp-json\/wp\/v2\/categories?post=323"},{"taxonomy":"post_tag","embeddable":true,"href":"https:\/\/cerama.sk\/informacie\/wp-json\/wp\/v2\/tags?post=323"}],"curies":[{"name":"wp","href":"https:\/\/api.w.org\/{rel}","templated":true}]}}