{"id":290,"date":"2023-09-28T13:05:07","date_gmt":"2023-09-28T11:05:07","guid":{"rendered":"https:\/\/cerama.sk\/informacie\/?p=290"},"modified":"2023-09-28T15:44:02","modified_gmt":"2023-09-28T13:44:02","slug":"vyhody-vanovych-zasten","status":"publish","type":"post","link":"https:\/\/cerama.sk\/informacie\/vyhody-vanovych-zasten\/","title":{"rendered":"V\u00fdhody va\u0148ov\u00fdch z\u00e1sten"},"content":{"rendered":"<div id=\"toc_container\" class=\"have_bullets\"><p class=\"toc_title\">Obsah<\/p><ul class=\"toc_list\"><li><a href=\"#Preco_su_vanove_zasteny_tak_oblubene\">Pre\u010do s\u00fa va\u0148ov\u00e9 z\u00e1steny tak ob\u013e\u00faben\u00e9?<\/a><\/li><li><a href=\"#Vana_a_sprcha_v_jednom\">Va\u0148a a sprcha v jednom<\/a><\/li><li><a href=\"#Technologicka_dokonalost\">Technologick\u00e1 dokonalos\u0165<\/a><\/li><li><a href=\"#Estetika_na_mieru\">Estetika na mieru<\/a><\/li><li><a href=\"#Dvojita_relaxacia\">Dvojit\u00e1 relax\u00e1cia<\/a><\/li><\/ul><\/div>\n<h2><span id=\"Preco_su_vanove_zasteny_tak_oblubene\">Pre\u010do s\u00fa va\u0148ov\u00e9 z\u00e1steny tak ob\u013e\u00faben\u00e9?<\/span><\/h2>\n<p>U\u017e ste po\u010duli o va\u0148ov\u00fdch z\u00e1sten\u00e1ch? Ide o \u0161ikovn\u00fd vyn\u00e1lez, ktor\u00fd v sebe sp\u00e1ja v\u00fdhody &#8222;va\u0148ovania&#8220; aj sprchovania. Nech u\u017e m\u00e1te chu\u0165 na osvie\u017euj\u00facu sprchu v hor\u00facich letn\u00fdch d\u0148och, alebo na hrejiv\u00e9 k\u00fapele v chladnej zime, va\u0148ov\u00e1 z\u00e1stena v\u00e1m umo\u017en\u00ed vychutna\u0165 si oboje. Po\u010fme sa podrobnej\u0161ie pozrie\u0165 na to, pre\u010do s\u00fa tieto z\u00e1steny tak v\u00fdnimo\u010dn\u00e9 a ob\u013e\u00faben\u00e9.<\/p>\n<h2><span id=\"Vana_a_sprcha_v_jednom\">Va\u0148a a sprcha v jednom<\/span><\/h2>\n<p>Va\u0148ov\u00e9 z\u00e1steny s\u00fa ob\u013e\u00faben\u00e9 pre svoju schopnos\u0165 zmeni\u0165 be\u017en\u00fa va\u0148u na plnohodnotn\u00fd sprchov\u00fd k\u00fat. Toto rie\u0161enie je obzvl\u00e1\u0161\u0165 ide\u00e1lne pre men\u0161ie priestory, kde ka\u017ed\u00fd meter rozhoduje.<\/p>\n<p>Na trhu existuje mnoho modelov z\u00e1sten s mo\u017enos\u0165ou in\u0161tal\u00e1cie na \u013eav\u00fa alebo prav\u00fa stranu vane. Tieto z\u00e1steny v\u00e1m umo\u017enia maxim\u00e1lne vyu\u017ei\u0165 priestor vo va\u0161ej k\u00fape\u013eni, \u010d\u00edm zvy\u0161uj\u00fa jej funk\u010dnos\u0165 a praktick\u00fa str\u00e1nku.<\/p>\n<p>V\u010faka va\u0148ovej z\u00e1stene m\u00f4\u017ee by\u0165 aj mal\u00e1 k\u00fape\u013e\u0148a mnohostranne vyu\u017eite\u013en\u00e1 &#8211; m\u00f4\u017ee sa napr\u00edklad premeni\u0165 na k\u00fapac\u00ed sal\u00f3nik, pr\u00e1\u010dov\u0148u \u010di su\u0161iare\u0148.<\/p>\n<p><img decoding=\"async\" loading=\"lazy\" class=\"aligncenter wp-image-299 size-large\" title=\"Va\u0148ov\u00e9 z\u00e1steny\" src=\"https:\/\/cerama.sk\/informacie\/wp-content\/uploads\/2023\/09\/shutterstock_222732973-1024x683.jpg\" alt=\"Va\u0148ov\u00e9 z\u00e1steny\" width=\"1024\" height=\"683\" srcset=\"https:\/\/cerama.sk\/informacie\/wp-content\/uploads\/2023\/09\/shutterstock_222732973-1024x683.jpg 1024w, https:\/\/cerama.sk\/informacie\/wp-content\/uploads\/2023\/09\/shutterstock_222732973-300x200.jpg 300w, https:\/\/cerama.sk\/informacie\/wp-content\/uploads\/2023\/09\/shutterstock_222732973-768x512.jpg 768w, https:\/\/cerama.sk\/informacie\/wp-content\/uploads\/2023\/09\/shutterstock_222732973-1536x1024.jpg 1536w, https:\/\/cerama.sk\/informacie\/wp-content\/uploads\/2023\/09\/shutterstock_222732973-2048x1365.jpg 2048w, https:\/\/cerama.sk\/informacie\/wp-content\/uploads\/2023\/09\/shutterstock_222732973-465x310.jpg 465w, https:\/\/cerama.sk\/informacie\/wp-content\/uploads\/2023\/09\/shutterstock_222732973-695x463.jpg 695w\" sizes=\"(max-width: 1024px) 100vw, 1024px\" \/><\/p>\n<h2><span id=\"Technologicka_dokonalost\">Technologick\u00e1 dokonalos\u0165<\/span><\/h2>\n<p>Va\u0148ov\u00e9 z\u00e1steny s\u00fa navrhnut\u00e9 tak, aby sa dali jednoducho prisp\u00f4sobi\u0165 ve\u013ekosti va\u0161ej vane \u010di k\u00fape\u013ene. S\u00fa dostupn\u00e9 v r\u00f4znych modeloch a ve\u013ekostiach, a ich kon\u0161trukcia je tak\u00e1, \u017ee v\u010faka n\u00e1stenn\u00e9mu dr\u017eiaku s\u00fa mimoriadne stabiln\u00e9.<\/p>\n<p>\u010co sa t\u00fdka \u010distoty, z\u00e1steny s\u00fa navrhnut\u00e9 tak, aby sa dali \u013eahko otv\u00e1ra\u0165 dovn\u00fatra aj von, \u010do umo\u017e\u0148uje ich jednoduch\u00e9 udr\u017eiavanie. Mnoh\u00e9 modely navy\u0161e obsahuj\u00fa \u0161peci\u00e1lnu povrchov\u00fa \u00fapravu, ktor\u00e1 br\u00e1ni nadmern\u00e9mu zne\u010disteniu a umo\u017e\u0148uje \u013eahk\u00fa dezinfekciu.<\/p>\n<h2><span id=\"Estetika_na_mieru\">Estetika na mieru<\/span><\/h2>\n<p>Va\u0148ov\u00e9 z\u00e1steny nie s\u00fa len o funkcionalite, ale aj o dizajne. Ve\u013ek\u00e1 \u010das\u0165 modelov je vyroben\u00e1 z tvrden\u00e9ho skla, ktor\u00e9 je z\u00e1rukou bezpe\u010dnosti. No v\u010faka r\u00f4znym tvarom, atrakt\u00edvnym vzorom a elegantn\u00fdm chr\u00f3mov\u00fdm detailom sa m\u00f4\u017ee ka\u017ed\u00fd rozhodn\u00fa\u0165 pod\u013ea vlastn\u00e9ho vkusu. A nemus\u00edte si vybera\u0165 len z prieh\u013eadn\u00e9ho skla &#8211; m\u00f4\u017eete si zvoli\u0165 aj matn\u00e9 povrchy.<\/p>\n<h2><span id=\"Dvojita_relaxacia\">Dvojit\u00e1 relax\u00e1cia<\/span><\/h2>\n<p>Rozhodnut\u00edm sa pre va\u0148ov\u00fa z\u00e1stenu sa nemus\u00edte tr\u00e1pi\u0165 v\u00fdberom medzi va\u0148ou a sprchou. Po in\u0161tal\u00e1cii z\u00e1steny sa nemus\u00edte ob\u00e1va\u0165, \u017ee by podlaha okolo vane bola mokr\u00e1, a t\u00fdm u\u0161etr\u00edte \u010das na jej utieranie. Tento \u0161ikovn\u00fd vyn\u00e1lez teda zaru\u010duje, \u017ee \u010das str\u00e1ven\u00fd v k\u00fape\u013eni bude skuto\u010dn\u00fdm relaxom, kde budete m\u00f4c\u0165 starostlivo o seba dba\u0165 &#8211; a to nielen fyzicky, ale aj psychicky.<\/p>\n<hr \/>\n<p><a href=\"https:\/\/cerama.cz\/info\/vyhody-vanovych-zasten\/\"><img decoding=\"async\" loading=\"lazy\" class=\"alignnone\" title=\"V\u00fdhody vanov\u00fdch z\u00e1st\u011bn\" src=\"https:\/\/cerama.sk\/informacie\/wp-content\/uploads\/2023\/09\/cz.png\" alt=\"V\u00fdhody vanov\u00fdch z\u00e1st\u011bn\" width=\"32\" height=\"21\" \/><\/a> <a href=\"https:\/\/cerama.sk\/informacie\/vyhody-vanovych-zasten\/\"><img decoding=\"async\" loading=\"lazy\" class=\"alignnone\" title=\"V\u00fdhody va\u0148ov\u00fdch z\u00e1sten\" src=\"https:\/\/cerama.sk\/informacie\/wp-content\/uploads\/2023\/09\/sk.png\" alt=\"V\u00fdhody va\u0148ov\u00fdch z\u00e1sten\" width=\"32\" height=\"21\" \/><\/a><\/p>\n","protected":false},"excerpt":{"rendered":"<p>ObsahPre\u010do s\u00fa va\u0148ov\u00e9 z\u00e1steny tak ob\u013e\u00faben\u00e9?Va\u0148a a sprcha v jednomTechnologick\u00e1 dokonalos\u0165Estetika na mieruDvojit\u00e1 relax\u00e1cia Pre\u010do s\u00fa va\u0148ov\u00e9 z\u00e1steny tak ob\u013e\u00faben\u00e9? U\u017e ste po\u010duli o va\u0148ov\u00fdch z\u00e1sten\u00e1ch? Ide o \u0161ikovn\u00fd vyn\u00e1lez, ktor\u00fd v sebe sp\u00e1ja v\u00fdhody &#8222;va\u0148ovania&#8220; aj sprchovania. Nech u\u017e m\u00e1te chu\u0165 na osvie\u017euj\u00facu sprchu v hor\u00facich letn\u00fdch d\u0148och, alebo<span class=\"more-link\"><a href=\"https:\/\/cerama.sk\/informacie\/vyhody-vanovych-zasten\/\">Continue Reading<\/a><\/span><\/p>\n","protected":false},"author":2,"featured_media":298,"comment_status":"closed","ping_status":"open","sticky":false,"template":"","format":"standard","meta":{"footnotes":""},"categories":[2],"tags":[],"aioseo_notices":[],"_links":{"self":[{"href":"https:\/\/cerama.sk\/informacie\/wp-json\/wp\/v2\/posts\/290"}],"collection":[{"href":"https:\/\/cerama.sk\/informacie\/wp-json\/wp\/v2\/posts"}],"about":[{"href":"https:\/\/cerama.sk\/informacie\/wp-json\/wp\/v2\/types\/post"}],"author":[{"embeddable":true,"href":"https:\/\/cerama.sk\/informacie\/wp-json\/wp\/v2\/users\/2"}],"replies":[{"embeddable":true,"href":"https:\/\/cerama.sk\/informacie\/wp-json\/wp\/v2\/comments?post=290"}],"version-history":[{"count":9,"href":"https:\/\/cerama.sk\/informacie\/wp-json\/wp\/v2\/posts\/290\/revisions"}],"predecessor-version":[{"id":303,"href":"https:\/\/cerama.sk\/informacie\/wp-json\/wp\/v2\/posts\/290\/revisions\/303"}],"wp:featuredmedia":[{"embeddable":true,"href":"https:\/\/cerama.sk\/informacie\/wp-json\/wp\/v2\/media\/298"}],"wp:attachment":[{"href":"https:\/\/cerama.sk\/informacie\/wp-json\/wp\/v2\/media?parent=290"}],"wp:term":[{"taxonomy":"category","embeddable":true,"href":"https:\/\/cerama.sk\/informacie\/wp-json\/wp\/v2\/categories?post=290"},{"taxonomy":"post_tag","embeddable":true,"href":"https:\/\/cerama.sk\/informacie\/wp-json\/wp\/v2\/tags?post=290"}],"curies":[{"name":"wp","href":"https:\/\/api.w.org\/{rel}","templated":true}]}}