{"id":280,"date":"2023-09-27T12:15:50","date_gmt":"2023-09-27T10:15:50","guid":{"rendered":"https:\/\/cerama.sk\/informacie\/?p=280"},"modified":"2023-09-27T17:15:51","modified_gmt":"2023-09-27T15:15:51","slug":"ako-ozivit-interier-kupelne-doplnkami","status":"publish","type":"post","link":"https:\/\/cerama.sk\/informacie\/ako-ozivit-interier-kupelne-doplnkami\/","title":{"rendered":"Ako o\u017eivi\u0165 interi\u00e9r k\u00fape\u013ene doplnkami?"},"content":{"rendered":"<div id=\"toc_container\" class=\"have_bullets\"><p class=\"toc_title\">Obsah<\/p><ul class=\"toc_list\"><li><a href=\"#Kupelnove_doplnky_8211_sarm_a_jedinecnost_v_kameni\">K\u00fape\u013e\u0148ov\u00e9 doplnky &#8211; \u0161arm a jedine\u010dnos\u0165 v kameni<\/a><\/li><li><a href=\"#Ozivenie_klasickej_elegancie_zelenou\">O\u017eivenie klasickej elegancie zelenou<\/a><\/li><li><a href=\"#Sarm_v_kamennom_prevedeni\">\u0160arm v kamennom preveden\u00ed<\/a><\/li><li><a href=\"#Komfort_a_prakticnost\">Komfort a prakti\u010dnos\u0165<\/a><\/li><\/ul><\/div>\n<h2><span id=\"Kupelnove_doplnky_8211_sarm_a_jedinecnost_v_kameni\">K\u00fape\u013e\u0148ov\u00e9 doplnky &#8211; \u0161arm a jedine\u010dnos\u0165 v kameni<\/span><\/h2>\n<p>V\u00fdbava a dekor\u00e1cie hraj\u00fa podstatn\u00fa \u00falohu pri tvorbe atmosf\u00e9ry v interi\u00e9ri, podobne ako v pr\u00edpade oble\u010denia. Spr\u00e1vne zvolen\u00e9 a umiestnen\u00e9 doplnky m\u00f4\u017eu vytvori\u0165 harmonick\u00fa kompoz\u00edciu, o\u017eivi\u0165 klasick\u00fd dizajn alebo prida\u0165 \u0161mrnc jednoduchej farebnosti a forme. \u017diadna k\u00fape\u013e\u0148a by nemala by\u0165 ochudobnen\u00e1 o tieto elementy.<\/p>\n<h2><span id=\"Ozivenie_klasickej_elegancie_zelenou\">O\u017eivenie klasickej elegancie zelenou<\/span><\/h2>\n<p>K\u00fape\u013e\u0148a by mala by\u0165 miestom relax\u00e1cie a odpo\u010dinku, preto vo\u013eba pokojn\u00fdch farieb a klasick\u00fdch foriem je \u010dasto preferovan\u00e1. No stoj\u00ed za to prida\u0165 do tejto harm\u00f3nie trochu kontrastu. To m\u00f4\u017eeme dosiahnu\u0165 vyu\u017eit\u00edm s\u00fdtej zelenej. Pre k\u00fape\u013e\u0148u s tak\u00fdmto konceptom s\u00fa ide\u00e1lne klasick\u00e9 doplnky, ktor\u00e9 posilnia celkov\u00fd vzh\u013ead priestoru. Treba v\u0161ak dba\u0165 na to, aby farebn\u00e1 diverzita nezni\u010dila celkov\u00fd efekt.<\/p>\n<p>K\u00fape\u013e\u0148ov\u00e9 doplnky s\u00fa k\u013e\u00fa\u010dovou s\u00fa\u010das\u0165ou pri n\u00e1kupe; pr\u00e1ve ony dod\u00e1vaj\u00fa interi\u00e9ru charakter. Jasn\u00e9 farby sa stali v\u00fdrazn\u00fdm trendom. Predstavuj\u00fa v\u00fdborn\u00fa vo\u013ebu, ke\u010f je z\u00e1kladn\u00e9 zariadenie k\u00fape\u013ene klasick\u00e9 a vy chcete priestoru doda\u0165 n\u00e1dych fant\u00e1zie.<\/p>\n<p><img decoding=\"async\" loading=\"lazy\" class=\"aligncenter wp-image-287 size-large\" title=\"Zele\u0148 v k\u00fape\u013eni\" src=\"https:\/\/cerama.sk\/informacie\/wp-content\/uploads\/2023\/09\/zeleene-deko-v-kupelke-1024x684.jpg\" alt=\"Zele\u0148 v k\u00fape\u013eni\" width=\"1024\" height=\"684\" srcset=\"https:\/\/cerama.sk\/informacie\/wp-content\/uploads\/2023\/09\/zeleene-deko-v-kupelke-1024x684.jpg 1024w, https:\/\/cerama.sk\/informacie\/wp-content\/uploads\/2023\/09\/zeleene-deko-v-kupelke-300x200.jpg 300w, https:\/\/cerama.sk\/informacie\/wp-content\/uploads\/2023\/09\/zeleene-deko-v-kupelke-768x513.jpg 768w, https:\/\/cerama.sk\/informacie\/wp-content\/uploads\/2023\/09\/zeleene-deko-v-kupelke-1536x1025.jpg 1536w, https:\/\/cerama.sk\/informacie\/wp-content\/uploads\/2023\/09\/zeleene-deko-v-kupelke-2048x1367.jpg 2048w, https:\/\/cerama.sk\/informacie\/wp-content\/uploads\/2023\/09\/zeleene-deko-v-kupelke-465x310.jpg 465w, https:\/\/cerama.sk\/informacie\/wp-content\/uploads\/2023\/09\/zeleene-deko-v-kupelke-695x464.jpg 695w\" sizes=\"(max-width: 1024px) 100vw, 1024px\" \/><\/p>\n<h2><span id=\"Sarm_v_kamennom_prevedeni\">\u0160arm v kamennom preveden\u00ed<\/span><\/h2>\n<p>B\u00e9\u017eov\u00e1 a hned\u00e1 s\u00fa univerz\u00e1lne farby, ktor\u00e9 v\u017edy dod\u00e1vali interi\u00e9ru pocit luxusu. Pastelov\u00e9 t\u00f3ny a pr\u00edrodn\u00e9 kamenn\u00e9 ozdoby s\u00fa naj\u010dastej\u0161ie zvolenou kombin\u00e1ciou. Kame\u0148 m\u00f4\u017eeme vyu\u017ei\u0165 aj pri doplnkoch. Mydlov\u00e9 d\u00e1vkova\u010de a mydelni\u010dky z tohto materi\u00e1lu s jemn\u00fdmi a uhladen\u00fdmi tvarmi bud\u00fa skuto\u010dnou ozdobou. Kamenn\u00e9 detaily v k\u00fape\u013eni s\u00fa v tejto sez\u00f3ne absol\u00fatnou nevyhnutnos\u0165ou!<\/p>\n<h2><span id=\"Komfort_a_prakticnost\">Komfort a prakti\u010dnos\u0165<\/span><\/h2>\n<p>Modern\u00e1 k\u00fape\u013e\u0148a nepotrebuje ve\u013ea doplnkov. Menej je niekedy viac a zjednodu\u0161en\u00fd dizajn m\u00f4\u017ee vytv\u00e1ra\u0165 siln\u00fd dojem. Doplnky by mali sl\u00fa\u017ei\u0165 na zv\u00fd\u0161enie komfortu a plnenie konkr\u00e9tnych funkci\u00ed. Prakti\u010dnos\u0165 v k\u00fape\u013eni v\u0161ak nemus\u00ed by\u0165 synonymom pre dizajnov\u00fa monotoniu. Najlep\u0161ie sa tu uplat\u0148uj\u00fa elegantn\u00e9 kovov\u00e9 pr\u00edslu\u0161enstv\u00e1 pripevnen\u00e9 na stenu.<\/p>\n<p>Tieto maj\u00fa tri hlavn\u00e9 v\u00fdhody: \u0161etria miesto, s\u00fa \u013eahko udr\u017eiavate\u013en\u00e9 a zabra\u0148uj\u00fa p\u00e1dom z um\u00fdvadla. Elegantn\u00e9 doplnky nahr\u00e1dzaj\u00fa plastov\u00e9 d\u00e1vkova\u010de, ktor\u00e9 u\u017e d\u00e1vno vy\u0161li z m\u00f3dy.<\/p>\n<p>Domov je ako \u010dlovek: ozd\u00f4bku mu dod\u00e1va nielen oble\u010denie, ale aj doplnky. Prav\u00fdmi doplnkami m\u00f4\u017ee k\u00fape\u013e\u0148a vyznie\u0165 ako harmonick\u00fd celok. Detaily vytv\u00e1raj\u00fa atmosf\u00e9ru a s\u00fa \u010dere\u0161ni\u010dkou na torte. Stoj\u00ed za to ma\u0165 ich v\u017edy na pam\u00e4ti. T\u00f3n hlasu: priate\u013esk\u00fd.<\/p>\n<hr \/>\n<p><a href=\"https:\/\/cerama.cz\/info\/jak-ozivit-interier-koupelny-doplnky\/\"><img decoding=\"async\" loading=\"lazy\" class=\"alignnone\" title=\"Jak o\u017eivit interi\u00e9r koupelny dopl\u0148ky?\" src=\"https:\/\/cerama.sk\/informacie\/wp-content\/uploads\/2023\/09\/cz.png\" alt=\"Jak o\u017eivit interi\u00e9r koupelny dopl\u0148ky?\" width=\"32\" height=\"21\" \/><\/a> <a href=\"https:\/\/cerama.sk\/informacie\/ako-ozivit-interier-kupelne-doplnkami\/\"><img decoding=\"async\" loading=\"lazy\" class=\"alignnone\" title=\"Ako o\u017eivi\u0165 interi\u00e9r k\u00fape\u013ene doplnkami?\" src=\"https:\/\/cerama.sk\/informacie\/wp-content\/uploads\/2023\/09\/sk.png\" alt=\"Ako o\u017eivi\u0165 interi\u00e9r k\u00fape\u013ene doplnkami?\" width=\"32\" height=\"21\" \/><\/a><\/p>\n","protected":false},"excerpt":{"rendered":"<p>ObsahK\u00fape\u013e\u0148ov\u00e9 doplnky &#8211; \u0161arm a jedine\u010dnos\u0165 v kameniO\u017eivenie klasickej elegancie zelenou\u0160arm v kamennom preveden\u00edKomfort a prakti\u010dnos\u0165 K\u00fape\u013e\u0148ov\u00e9 doplnky &#8211; \u0161arm a jedine\u010dnos\u0165 v kameni V\u00fdbava a dekor\u00e1cie hraj\u00fa podstatn\u00fa \u00falohu pri tvorbe atmosf\u00e9ry v interi\u00e9ri, podobne ako v pr\u00edpade oble\u010denia. Spr\u00e1vne zvolen\u00e9 a umiestnen\u00e9 doplnky m\u00f4\u017eu vytvori\u0165 harmonick\u00fa kompoz\u00edciu, o\u017eivi\u0165<span class=\"more-link\"><a href=\"https:\/\/cerama.sk\/informacie\/ako-ozivit-interier-kupelne-doplnkami\/\">Continue Reading<\/a><\/span><\/p>\n","protected":false},"author":2,"featured_media":286,"comment_status":"closed","ping_status":"open","sticky":false,"template":"","format":"standard","meta":{"footnotes":""},"categories":[2],"tags":[],"aioseo_notices":[],"_links":{"self":[{"href":"https:\/\/cerama.sk\/informacie\/wp-json\/wp\/v2\/posts\/280"}],"collection":[{"href":"https:\/\/cerama.sk\/informacie\/wp-json\/wp\/v2\/posts"}],"about":[{"href":"https:\/\/cerama.sk\/informacie\/wp-json\/wp\/v2\/types\/post"}],"author":[{"embeddable":true,"href":"https:\/\/cerama.sk\/informacie\/wp-json\/wp\/v2\/users\/2"}],"replies":[{"embeddable":true,"href":"https:\/\/cerama.sk\/informacie\/wp-json\/wp\/v2\/comments?post=280"}],"version-history":[{"count":7,"href":"https:\/\/cerama.sk\/informacie\/wp-json\/wp\/v2\/posts\/280\/revisions"}],"predecessor-version":[{"id":289,"href":"https:\/\/cerama.sk\/informacie\/wp-json\/wp\/v2\/posts\/280\/revisions\/289"}],"wp:featuredmedia":[{"embeddable":true,"href":"https:\/\/cerama.sk\/informacie\/wp-json\/wp\/v2\/media\/286"}],"wp:attachment":[{"href":"https:\/\/cerama.sk\/informacie\/wp-json\/wp\/v2\/media?parent=280"}],"wp:term":[{"taxonomy":"category","embeddable":true,"href":"https:\/\/cerama.sk\/informacie\/wp-json\/wp\/v2\/categories?post=280"},{"taxonomy":"post_tag","embeddable":true,"href":"https:\/\/cerama.sk\/informacie\/wp-json\/wp\/v2\/tags?post=280"}],"curies":[{"name":"wp","href":"https:\/\/api.w.org\/{rel}","templated":true}]}}