{"id":262,"date":"2023-09-26T20:00:50","date_gmt":"2023-09-26T18:00:50","guid":{"rendered":"https:\/\/cerama.sk\/informacie\/?p=262"},"modified":"2023-09-26T21:38:56","modified_gmt":"2023-09-26T19:38:56","slug":"umyvadla-na-dosku-aky-model-si-vybrat","status":"publish","type":"post","link":"https:\/\/cerama.sk\/informacie\/umyvadla-na-dosku-aky-model-si-vybrat\/","title":{"rendered":"Um\u00fdvadl\u00e1 na dosku &#8211; ak\u00fd model si vybra\u0165"},"content":{"rendered":"<div id=\"toc_container\" class=\"have_bullets\"><p class=\"toc_title\">Obsah<\/p><ul class=\"toc_list\"><li><a href=\"#Moderne_umyvadlo_na_doske\">Modern\u00e9 um\u00fdvadlo na doske<\/a><\/li><li><a href=\"#Pre_cestujucich_umyvadla_na_doske_s_grafikou_mesta\">Pre cestuj\u00facich: um\u00fdvadl\u00e1 na doske s grafikou mesta<\/a><\/li><li><a href=\"#Napadne_ale_bez_zbytocnej_extravagancie\">N\u00e1padn\u00e9, ale bez zbyto\u010dnej extravagancie<\/a><\/li><li><a href=\"#Dodrziavanie_zasad_feng_suej\">Dodr\u017eiavanie z\u00e1sad feng \u0161uej<\/a><\/li><li><a href=\"#Umyvadla_na_dosku_z_kamena_alebo_skla\">Um\u00fdvadl\u00e1 na dosku z kame\u0148a alebo skla<\/a><\/li><\/ul><\/div>\n<h2><span id=\"Moderne_umyvadlo_na_doske\">Modern\u00e9 um\u00fdvadlo na doske<\/span><\/h2>\n<p>Funk\u010dnos\u0165 k\u00fape\u013e\u0148ov\u00e9ho vybavenia je absol\u00fatnou nevyhnutnos\u0165ou. Um\u00fdvadl\u00e1 na doske s\u00fa rie\u0161en\u00edm pre t\u00fdch, ktor\u00ed maj\u00fa in\u00fa po\u017eiadavku: chc\u00fa, aby ich k\u00fape\u013e\u0148a bola jedine\u010dn\u00e1.<\/p>\n<p>Um\u00fdvadl\u00e1 na doske s\u00fa \u010doraz ob\u013e\u00fabenej\u0161ie. Pri zaria\u010fovan\u00ed k\u00fape\u013ene si m\u00f4\u017eeme vybra\u0165 nielen tvar a ve\u013ekos\u0165 um\u00fdvadla, ale aj materi\u00e1l, z ktor\u00e9ho je vyroben\u00e9. V\u00fdrobcovia sa predh\u00e1\u0148aj\u00fa vo vytv\u00e1ran\u00ed st\u00e1le nov\u0161\u00edch modelov. V\u010faka tomu je mo\u017en\u00e9 n\u00e1js\u0165 to spr\u00e1vne um\u00fdvadlo na dosku, ktor\u00e9 sa hod\u00ed k individu\u00e1lnemu po\u0148atiu interi\u00e9ru.<\/p>\n<p><img decoding=\"async\" loading=\"lazy\" class=\"aligncenter wp-image-274 size-large\" title=\"Um\u00fdvadlo na doske\" src=\"https:\/\/cerama.sk\/informacie\/wp-content\/uploads\/2023\/09\/umyvadlo-na-doske-1024x683.jpg\" alt=\"Um\u00fdvadlo na doske\" width=\"1024\" height=\"683\" srcset=\"https:\/\/cerama.sk\/informacie\/wp-content\/uploads\/2023\/09\/umyvadlo-na-doske-1024x683.jpg 1024w, https:\/\/cerama.sk\/informacie\/wp-content\/uploads\/2023\/09\/umyvadlo-na-doske-300x200.jpg 300w, https:\/\/cerama.sk\/informacie\/wp-content\/uploads\/2023\/09\/umyvadlo-na-doske-768x512.jpg 768w, https:\/\/cerama.sk\/informacie\/wp-content\/uploads\/2023\/09\/umyvadlo-na-doske-1536x1024.jpg 1536w, https:\/\/cerama.sk\/informacie\/wp-content\/uploads\/2023\/09\/umyvadlo-na-doske-2048x1365.jpg 2048w, https:\/\/cerama.sk\/informacie\/wp-content\/uploads\/2023\/09\/umyvadlo-na-doske-465x310.jpg 465w, https:\/\/cerama.sk\/informacie\/wp-content\/uploads\/2023\/09\/umyvadlo-na-doske-695x463.jpg 695w\" sizes=\"(max-width: 1024px) 100vw, 1024px\" \/><\/p>\n<h2><span id=\"Pre_cestujucich_umyvadla_na_doske_s_grafikou_mesta\">Pre cestuj\u00facich: um\u00fdvadl\u00e1 na doske s grafikou mesta<\/span><\/h2>\n<p>New York, Barcelona alebo nebodaj Berl\u00edn? S\u00e9ria um\u00fdvadiel Roca pote\u0161\u00ed milovn\u00edkov dizajnov\u00e9ho n\u00e1bytku. Tvar nie je sofistikovan\u00fd, ale obr\u00e1zky miest na mise p\u00f4sobia ve\u013emi moderne. Toto um\u00fdvadlo je skuto\u010dnou ozdobou interi\u00e9ru. K\u00fape\u013e\u0148a z\u00edska jedine\u010dn\u00fd charakter a ne\u0161tandardn\u00e1 grafika bude odr\u00e1\u017ea\u0165 vkus majite\u013ea.<\/p>\n<h2><span id=\"Napadne_ale_bez_zbytocnej_extravagancie\">N\u00e1padn\u00e9, ale bez zbyto\u010dnej extravagancie<\/span><\/h2>\n<p>Ak uva\u017eujeme o netradi\u010dnom rie\u0161en\u00ed, ale bez zbyto\u010dnej extravagancie, v\u00fdrobcovia pon\u00fakaj\u00fa klasick\u00e9 um\u00fdvadl\u00e1 na dosku s decentn\u00fdmi farebn\u00fdmi doplnkami. V pr\u00edpade jednoduch\u0161ieho rie\u0161enia sa oplat\u00ed zvoli\u0165 tvar um\u00fdvadla, ktor\u00fd sa hod\u00ed do interi\u00e9ru, a k nemu prisl\u00fachaj\u00facu dosku.<\/p>\n<p>M\u00f4\u017eeme si vybra\u0165 medzi n\u00e1padn\u00fdmi um\u00fdvadlami v tvare misy alebo obd\u013a\u017enikov\u00fdmi modelmi, ktor\u00e9 dokonale zapadn\u00fa do geometricky usporiadan\u00fdch k\u00fape\u013en\u00ed. Nech\u00fdbaj\u00fa ani prechodn\u00e9 rie\u0161enia, ako napr\u00edklad um\u00fdvadl\u00e1 ov\u00e1lneho tvaru alebo um\u00fdvadl\u00e1 \u00faplne nezvy\u010dajn\u00fdch tvarov. Zauj\u00edmav\u00fdm doplnkom k\u00fape\u013ene m\u00f4\u017ee by\u0165 aj mramorov\u00e1 alebo mozaikov\u00e1 doska, ktor\u00e1 sa bude najlep\u0161ie hodi\u0165 ku klasick\u00e9mu modelu um\u00fdvadla.<\/p>\n<h2><span id=\"Dodrziavanie_zasad_feng_suej\">Dodr\u017eiavanie z\u00e1sad feng \u0161uej<\/span><\/h2>\n<p>Ying-Yang, keramick\u00e9 um\u00fdvadlo na dosku od spolo\u010dnosti Bathco, je rie\u0161en\u00edm pre t\u00fdch, ktor\u00ed chc\u00fa v k\u00fape\u013eni predov\u0161etk\u00fdm harm\u00f3niu. Ur\u010dite bude v\u00fdborn\u00fdm doplnkom &#8211; tlmen\u00fdm a nie pr\u00edli\u0161 extravagantn\u00fdm. Skvele zapadne do orient\u00e1lne zariadenej k\u00fape\u013ene, najlep\u0161ie v modernom, minimalistickom \u0161t\u00fdle &#8211; a mus\u00ed by\u0165 usporiadan\u00e9 v s\u00falade so z\u00e1sadami feng-\u0161uej.<\/p>\n<p><img decoding=\"async\" loading=\"lazy\" class=\"aligncenter wp-image-276 size-large\" title=\"Um\u00fdvadl\u00e1 z kame\u0148a\" src=\"https:\/\/cerama.sk\/informacie\/wp-content\/uploads\/2023\/09\/shutterstock_2104850153-1024x575.jpg\" alt=\"Um\u00fdvadl\u00e1 z kame\u0148a\" width=\"1024\" height=\"575\" srcset=\"https:\/\/cerama.sk\/informacie\/wp-content\/uploads\/2023\/09\/shutterstock_2104850153-1024x575.jpg 1024w, https:\/\/cerama.sk\/informacie\/wp-content\/uploads\/2023\/09\/shutterstock_2104850153-300x168.jpg 300w, https:\/\/cerama.sk\/informacie\/wp-content\/uploads\/2023\/09\/shutterstock_2104850153-768x431.jpg 768w, https:\/\/cerama.sk\/informacie\/wp-content\/uploads\/2023\/09\/shutterstock_2104850153-1536x862.jpg 1536w, https:\/\/cerama.sk\/informacie\/wp-content\/uploads\/2023\/09\/shutterstock_2104850153-2048x1150.jpg 2048w, https:\/\/cerama.sk\/informacie\/wp-content\/uploads\/2023\/09\/shutterstock_2104850153-465x261.jpg 465w, https:\/\/cerama.sk\/informacie\/wp-content\/uploads\/2023\/09\/shutterstock_2104850153-695x390.jpg 695w\" sizes=\"(max-width: 1024px) 100vw, 1024px\" \/><\/p>\n<h2><span id=\"Umyvadla_na_dosku_z_kamena_alebo_skla\">Um\u00fdvadl\u00e1 na dosku z kame\u0148a alebo skla<\/span><\/h2>\n<p>Um\u00fdvadl\u00e1 z kame\u0148a s\u00fa elegantn\u00fdm doplnkom, ktor\u00fd dod\u00e1 ka\u017ed\u00e9mu interi\u00e9ru \u0161mrnc. S\u00fa k dispoz\u00edcii v r\u00f4znych farb\u00e1ch, tak\u017ee ich m\u00f4\u017eeme zladi\u0165 s k\u00fape\u013e\u0148ou zariadenou v tmav\u00fdch aj svetl\u00fdch farb\u00e1ch. \u010casto sa na um\u00fdvadl\u00e1 pou\u017e\u00edva \u017eula, ktor\u00e1 nielen\u017ee vyzer\u00e1 jedine\u010dne, ale je aj mimoriadne pevn\u00e1 a odoln\u00e1.<\/p>\n<p>\u010eal\u0161ou n\u00e1hradou ob\u013e\u00fabenej keramiky v k\u00fape\u013eni m\u00f4\u017ee by\u0165 sklo. Um\u00fdvadl\u00e1 na dosku z tohto materi\u00e1lu s\u00fa \u010doraz m\u00f3dnej\u0161ie, najm\u00e4 v moderne zariaden\u00fdch miestnostiach. Poddajnos\u0165 skla umo\u017e\u0148uje vytv\u00e1ra\u0165 ve\u013emi zauj\u00edmav\u00e9 tvary a farby, tak\u017ee tak\u00e9to um\u00fdvadlo sa m\u00f4\u017ee smelo sta\u0165 dekorat\u00edvnym prvkom k\u00fape\u013ene.<\/p>\n<hr \/>\n<p><a href=\"https:\/\/cerama.cz\/info\/umyvadla-na-desku-jaky-model-zvolit\/\"><img decoding=\"async\" loading=\"lazy\" class=\"alignnone\" title=\"Umyvadla na desku \u2013 jak\u00fd model zvolit\" src=\"https:\/\/cerama.cz\/info\/wp-content\/uploads\/2023\/09\/cz.png\" alt=\"Umyvadla na desku \u2013 jak\u00fd model zvolit\" width=\"32\" height=\"21\" \/><\/a> <a href=\"https:\/\/cerama.sk\/informacie\/umyvadla-na-dosku-aky-model-si-vybrat\/\"><img decoding=\"async\" loading=\"lazy\" class=\"alignnone\" title=\"Um\u00fdvadl\u00e1 na dosku \u2013 ak\u00fd model si vybra\u0165\" src=\"https:\/\/cerama.cz\/info\/wp-content\/uploads\/2023\/09\/sk.png\" alt=\"Um\u00fdvadl\u00e1 na dosku \u2013 ak\u00fd model si vybra\u0165\n\" width=\"32\" height=\"21\" \/><\/a><\/p>\n","protected":false},"excerpt":{"rendered":"<p>ObsahModern\u00e9 um\u00fdvadlo na doskePre cestuj\u00facich: um\u00fdvadl\u00e1 na doske s grafikou mestaN\u00e1padn\u00e9, ale bez zbyto\u010dnej extravagancieDodr\u017eiavanie z\u00e1sad feng \u0161uejUm\u00fdvadl\u00e1 na dosku z kame\u0148a alebo skla Modern\u00e9 um\u00fdvadlo na doske Funk\u010dnos\u0165 k\u00fape\u013e\u0148ov\u00e9ho vybavenia je absol\u00fatnou nevyhnutnos\u0165ou. Um\u00fdvadl\u00e1 na doske s\u00fa rie\u0161en\u00edm pre t\u00fdch, ktor\u00ed maj\u00fa in\u00fa po\u017eiadavku: chc\u00fa, aby ich k\u00fape\u013e\u0148a bola<span class=\"more-link\"><a href=\"https:\/\/cerama.sk\/informacie\/umyvadla-na-dosku-aky-model-si-vybrat\/\">Continue Reading<\/a><\/span><\/p>\n","protected":false},"author":2,"featured_media":275,"comment_status":"closed","ping_status":"open","sticky":false,"template":"","format":"standard","meta":{"footnotes":""},"categories":[2],"tags":[],"aioseo_notices":[],"_links":{"self":[{"href":"https:\/\/cerama.sk\/informacie\/wp-json\/wp\/v2\/posts\/262"}],"collection":[{"href":"https:\/\/cerama.sk\/informacie\/wp-json\/wp\/v2\/posts"}],"about":[{"href":"https:\/\/cerama.sk\/informacie\/wp-json\/wp\/v2\/types\/post"}],"author":[{"embeddable":true,"href":"https:\/\/cerama.sk\/informacie\/wp-json\/wp\/v2\/users\/2"}],"replies":[{"embeddable":true,"href":"https:\/\/cerama.sk\/informacie\/wp-json\/wp\/v2\/comments?post=262"}],"version-history":[{"count":7,"href":"https:\/\/cerama.sk\/informacie\/wp-json\/wp\/v2\/posts\/262\/revisions"}],"predecessor-version":[{"id":279,"href":"https:\/\/cerama.sk\/informacie\/wp-json\/wp\/v2\/posts\/262\/revisions\/279"}],"wp:featuredmedia":[{"embeddable":true,"href":"https:\/\/cerama.sk\/informacie\/wp-json\/wp\/v2\/media\/275"}],"wp:attachment":[{"href":"https:\/\/cerama.sk\/informacie\/wp-json\/wp\/v2\/media?parent=262"}],"wp:term":[{"taxonomy":"category","embeddable":true,"href":"https:\/\/cerama.sk\/informacie\/wp-json\/wp\/v2\/categories?post=262"},{"taxonomy":"post_tag","embeddable":true,"href":"https:\/\/cerama.sk\/informacie\/wp-json\/wp\/v2\/tags?post=262"}],"curies":[{"name":"wp","href":"https:\/\/api.w.org\/{rel}","templated":true}]}}