{"id":222,"date":"2023-09-23T13:33:38","date_gmt":"2023-09-23T11:33:38","guid":{"rendered":"https:\/\/cerama.sk\/informacie\/?p=222"},"modified":"2023-09-26T21:05:36","modified_gmt":"2023-09-26T19:05:36","slug":"ako-si-vybrat-doplnky-do-kupelne","status":"publish","type":"post","link":"https:\/\/cerama.sk\/informacie\/ako-si-vybrat-doplnky-do-kupelne\/","title":{"rendered":"Ako si vybra\u0165 doplnky do k\u00fape\u013ene?"},"content":{"rendered":"<div id=\"toc_container\" class=\"have_bullets\"><p class=\"toc_title\">Obsah<\/p><ul class=\"toc_list\"><li><a href=\"#Farebne_kupelnove_doplnky\">Farebn\u00e9 k\u00fape\u013e\u0148ov\u00e9 doplnky<\/a><\/li><li><a href=\"#Spojenie_funkcnosti_s_estetikou\">Spojenie funk\u010dnosti s estetikou<\/a><\/li><li><a href=\"#Kupelnove_doplnky_8211_ako_ich_vybrat\">K\u00fape\u013e\u0148ov\u00e9 doplnky &#8211; ako ich vybra\u0165?<\/a><ul><li><a href=\"#Styl_je_klucovy\">\u0160t\u00fdl je k\u013e\u00fa\u010dov\u00fd<\/a><\/li><li><a href=\"#Na_farbach_zalezi\">Na farb\u00e1ch z\u00e1le\u017e\u00ed<\/a><\/li><li><a href=\"#Na_napade_zalezi\">Na n\u00e1pade z\u00e1le\u017e\u00ed<\/a><\/li><\/ul><\/li><li><a href=\"#Comu_sa_pri_vybere_doplnkov_do_kupelne_vyhnut\">\u010comu sa pri v\u00fdbere doplnkov do k\u00fape\u013ene vyhn\u00fa\u0165?<\/a><\/li><\/ul><\/div>\n<h2><span id=\"Farebne_kupelnove_doplnky\">Farebn\u00e9 k\u00fape\u013e\u0148ov\u00e9 doplnky<\/span><\/h2>\n<p>N\u00e1bytok nepochybne zohr\u00e1va v interi\u00e9rovom dizajne prvorad\u00fa \u00falohu. Porad\u00edme v\u00e1m, ako vybra\u0165 k\u00fape\u013e\u0148ov\u00e9 doplnky, aby boli povestnou \u010dere\u0161ni\u010dkou na torte.<\/p>\n<h2><span id=\"Spojenie_funkcnosti_s_estetikou\">Spojenie funk\u010dnosti s estetikou<\/span><\/h2>\n<p>K\u00fape\u013e\u0148ov\u00e9 doplnky s\u00fa rovnako d\u00f4le\u017eit\u00e9 ako \u0161tandardn\u00e9 sanit\u00e1rne vybavenie, ak chcete ma\u0165 v interi\u00e9ri estetiku aj funk\u010dnos\u0165. V\u00e4\u010d\u0161ina k\u00fape\u013e\u0148ov\u00fdch doplnkov je prepojen\u00e1 s \u00falo\u017en\u00fdm syst\u00e9mom, \u010do umo\u017e\u0148uje zachova\u0165 v miestnosti poriadok.<\/p>\n<p>Rovnako d\u00f4le\u017eit\u00e9 s\u00fa aj doplnky s\u00favisiace s ka\u017edodennou hygienou. Ka\u017ed\u00fd predmet by mal by\u0165 umiestnen\u00fd na optim\u00e1lnom mieste z \u00fa\u017eitkov\u00e9ho aj estetick\u00e9ho h\u013eadiska &#8211; tak, aby neprek\u00e1\u017eal pri ka\u017edodenn\u00fdch \u010dinnostiach na toalete.<\/p>\n<p><img decoding=\"async\" loading=\"lazy\" class=\"aligncenter wp-image-229 size-large\" title=\"Drevenn\u00e9 k\u00fape\u013e\u0148ov\u00e9 doplnky\" src=\"https:\/\/cerama.sk\/informacie\/wp-content\/uploads\/2023\/09\/doplnky-drevo-1024x682.jpg\" alt=\"Drevenn\u00e9 k\u00fape\u013e\u0148ov\u00e9 doplnky\" width=\"1024\" height=\"682\" srcset=\"https:\/\/cerama.sk\/informacie\/wp-content\/uploads\/2023\/09\/doplnky-drevo-1024x682.jpg 1024w, https:\/\/cerama.sk\/informacie\/wp-content\/uploads\/2023\/09\/doplnky-drevo-300x200.jpg 300w, https:\/\/cerama.sk\/informacie\/wp-content\/uploads\/2023\/09\/doplnky-drevo-768x512.jpg 768w, https:\/\/cerama.sk\/informacie\/wp-content\/uploads\/2023\/09\/doplnky-drevo-1536x1024.jpg 1536w, https:\/\/cerama.sk\/informacie\/wp-content\/uploads\/2023\/09\/doplnky-drevo-2048x1365.jpg 2048w, https:\/\/cerama.sk\/informacie\/wp-content\/uploads\/2023\/09\/doplnky-drevo-465x310.jpg 465w, https:\/\/cerama.sk\/informacie\/wp-content\/uploads\/2023\/09\/doplnky-drevo-695x463.jpg 695w\" sizes=\"(max-width: 1024px) 100vw, 1024px\" \/><\/p>\n<h2><span id=\"Kupelnove_doplnky_8211_ako_ich_vybrat\">K\u00fape\u013e\u0148ov\u00e9 doplnky &#8211; ako ich vybra\u0165?<\/span><\/h2>\n<p>Pred k\u00fapou vhodn\u00fdch doplnkov sa oplat\u00ed d\u00f4kladne si prezrie\u0165 miestnos\u0165. Ak je miestnos\u0165 \u010derstvo zrekon\u0161truovan\u00e1 alebo dokon\u010den\u00e1 a od za\u010diatku sme mali svoju &#8222;v\u00edziu&#8220; a konkr\u00e9tny \u0161t\u00fdl k\u00fape\u013ene, v\u00fdber by nemal by\u0165 probl\u00e9m. V opa\u010dnom pr\u00edpade m\u00f4\u017ee by\u0165 v\u00fdber k\u00fape\u013e\u0148ov\u00fdch doplnkov z\u00e1mienkou na zmenu charakteru miestnosti alebo jej len doda\u0165 \u0161t\u00fdl.<\/p>\n<h3><span id=\"Styl_je_klucovy\">\u0160t\u00fdl je k\u013e\u00fa\u010dov\u00fd<\/span><\/h3>\n<p>Ka\u017ed\u00fd mal\u00fd detail by mal zd\u00f4raz\u0148ova\u0165 \u0161t\u00fdlov\u00e9 prvky interi\u00e9ru. Jednoduch\u00e9 a stroh\u00e9 formy v kovov\u00fdch farb\u00e1ch s\u00fa ide\u00e1lne pre modernistick\u00fa k\u00fape\u013e\u0148u. Na druhej strane ornamenty z pr\u00edrodn\u00e9ho kame\u0148a sa ove\u013ea lep\u0161ie hodia ku klasick\u00fdm rie\u0161eniam. Samotn\u00fd \u0161t\u00fdl k\u00fape\u013ene by mal by\u0165 najlep\u0161\u00edm vod\u00edtkom, ak\u00e9 k\u00fape\u013e\u0148ov\u00e9 doplnky vybra\u0165. Nevhodn\u00e9 doplnky m\u00f4\u017eu pokazi\u0165 aj ten najlep\u0161ie premyslen\u00fd dizajn.<\/p>\n<h3><span id=\"Na_farbach_zalezi\">Na farb\u00e1ch z\u00e1le\u017e\u00ed<\/span><\/h3>\n<p>Ak chceme k\u00fape\u013eni doda\u0165 charakter, m\u00f4\u017eeme typick\u00e9 prvky o\u017eivi\u0165 pestrofarebn\u00fdmi doplnkami. Vyberte si jednu dominantn\u00fa farbu pre v\u0161etky k\u00fape\u013e\u0148ov\u00e9 doplnky, najm\u00e4 ak m\u00e1te na podlahe a sten\u00e1ch jednofarebn\u00e9 obklady. Na druhej strane, ak chcete dosiahnu\u0165 exkluzivitu, ove\u013ea lep\u0161ie sa hod\u00ed pastelov\u00e1 paleta farieb alebo klasick\u00e9 a jednoduch\u00e9 (biele alebo \u010dierne) k\u00fape\u013e\u0148ov\u00e9 doplnky.<\/p>\n<h3><span id=\"Na_napade_zalezi\">Na n\u00e1pade z\u00e1le\u017e\u00ed<\/span><\/h3>\n<p>Nuda je u\u017e minulos\u0165ou. V z\u00e1vislosti od \u0161t\u00fdlu k\u00fape\u013ene je na odkladanie predmetov na ka\u017edodenn\u00fa toaletn\u00fa rutinu ide\u00e1lny k\u00f4\u0161 na noviny alebo multifunk\u010dn\u00fd pohybliv\u00fd stojan.<\/p>\n<p>Z mno\u017estva a rozmanitosti k\u00fape\u013e\u0148ov\u00fdch doplnkov, ktor\u00e9 s\u00fa dnes k dispoz\u00edcii, sa v\u00e1m m\u00f4\u017ee zato\u010di\u0165 hlava. Preto sa neobmedzujte! H\u013eadanie zauj\u00edmav\u00fdch pom\u00f4cok do k\u00fape\u013ene m\u00f4\u017ee by\u0165 z\u00e1bavn\u00e9, ale predov\u0161etk\u00fdm to m\u00f4\u017ee by\u0165 sp\u00f4sob, ako sa obklopi\u0165 dizajnov\u00fdmi predmetmi, ktor\u00e9 v\u00e1m u\u013eah\u010dia \u017eivot. A kto nem\u00e1 r\u00e1d dobr\u00fd dizajn?<\/p>\n<p>&nbsp;<\/p>\n<h2><span id=\"Comu_sa_pri_vybere_doplnkov_do_kupelne_vyhnut\">\u010comu sa pri v\u00fdbere doplnkov do k\u00fape\u013ene vyhn\u00fa\u0165?<\/span><\/h2>\n<p>Pr\u00edli\u0161 ve\u013ek\u00e1 farebn\u00e1 a dizajnov\u00e1 rozmanitos\u0165 m\u00f4\u017ee \u00faplne zni\u010di\u0165 estetiku interi\u00e9ru. Preto sa oplat\u00ed dba\u0165 na to, aby v\u0161etky doplnky tvorili jednotn\u00fd celok. V\u00e4\u010d\u0161ina v\u00fdrobcov pon\u00faka sady k\u00fape\u013e\u0148ov\u00fdch doplnkov, v\u010faka ktor\u00fdm sa m\u00f4\u017eeme vyhn\u00fa\u0165 pasci kompoz\u00edcie. Rozhodneme sa pre konkr\u00e9tnu kolekciu a v jej r\u00e1mci vyber\u00e1me jednotliv\u00e9 doplnky.<\/p>\n<hr \/>\n<p><a href=\"https:\/\/cerama.cz\/info\/jak-vybrat-doplnky-do-koupelny\/\"><img decoding=\"async\" loading=\"lazy\" class=\"alignnone\" title=\"Jak vybrat dopl\u0148ky do koupelny?\" src=\"https:\/\/cerama.sk\/informacie\/wp-content\/uploads\/2023\/09\/cz.png\" alt=\"Jak vybrat dopl\u0148ky do koupelny? \" width=\"32\" height=\"21\" \/><\/a> <a href=\"https:\/\/cerama.sk\/informacie\/ako-si-vybrat-doplnky-do-kupelne\/\"><img decoding=\"async\" loading=\"lazy\" class=\"alignnone\" title=\"Ako si vybra\u0165 doplnky do k\u00fape\u013ene?\" src=\"https:\/\/cerama.sk\/informacie\/wp-content\/uploads\/2023\/09\/sk.png\" alt=\"Ako si vybra\u0165 doplnky do k\u00fape\u013ene?\" width=\"32\" height=\"21\" \/><\/a><\/p>\n","protected":false},"excerpt":{"rendered":"<p>ObsahFarebn\u00e9 k\u00fape\u013e\u0148ov\u00e9 doplnkySpojenie funk\u010dnosti s estetikouK\u00fape\u013e\u0148ov\u00e9 doplnky &#8211; ako ich vybra\u0165?\u0160t\u00fdl je k\u013e\u00fa\u010dov\u00fdNa farb\u00e1ch z\u00e1le\u017e\u00edNa n\u00e1pade z\u00e1le\u017e\u00ed\u010comu sa pri v\u00fdbere doplnkov do k\u00fape\u013ene vyhn\u00fa\u0165? Farebn\u00e9 k\u00fape\u013e\u0148ov\u00e9 doplnky N\u00e1bytok nepochybne zohr\u00e1va v interi\u00e9rovom dizajne prvorad\u00fa \u00falohu. Porad\u00edme v\u00e1m, ako vybra\u0165 k\u00fape\u013e\u0148ov\u00e9 doplnky, aby boli povestnou \u010dere\u0161ni\u010dkou na torte. Spojenie funk\u010dnosti s<span class=\"more-link\"><a href=\"https:\/\/cerama.sk\/informacie\/ako-si-vybrat-doplnky-do-kupelne\/\">Continue Reading<\/a><\/span><\/p>\n","protected":false},"author":2,"featured_media":228,"comment_status":"closed","ping_status":"open","sticky":false,"template":"","format":"standard","meta":{"footnotes":""},"categories":[2],"tags":[],"aioseo_notices":[],"_links":{"self":[{"href":"https:\/\/cerama.sk\/informacie\/wp-json\/wp\/v2\/posts\/222"}],"collection":[{"href":"https:\/\/cerama.sk\/informacie\/wp-json\/wp\/v2\/posts"}],"about":[{"href":"https:\/\/cerama.sk\/informacie\/wp-json\/wp\/v2\/types\/post"}],"author":[{"embeddable":true,"href":"https:\/\/cerama.sk\/informacie\/wp-json\/wp\/v2\/users\/2"}],"replies":[{"embeddable":true,"href":"https:\/\/cerama.sk\/informacie\/wp-json\/wp\/v2\/comments?post=222"}],"version-history":[{"count":9,"href":"https:\/\/cerama.sk\/informacie\/wp-json\/wp\/v2\/posts\/222\/revisions"}],"predecessor-version":[{"id":272,"href":"https:\/\/cerama.sk\/informacie\/wp-json\/wp\/v2\/posts\/222\/revisions\/272"}],"wp:featuredmedia":[{"embeddable":true,"href":"https:\/\/cerama.sk\/informacie\/wp-json\/wp\/v2\/media\/228"}],"wp:attachment":[{"href":"https:\/\/cerama.sk\/informacie\/wp-json\/wp\/v2\/media?parent=222"}],"wp:term":[{"taxonomy":"category","embeddable":true,"href":"https:\/\/cerama.sk\/informacie\/wp-json\/wp\/v2\/categories?post=222"},{"taxonomy":"post_tag","embeddable":true,"href":"https:\/\/cerama.sk\/informacie\/wp-json\/wp\/v2\/tags?post=222"}],"curies":[{"name":"wp","href":"https:\/\/api.w.org\/{rel}","templated":true}]}}