{"id":188,"date":"2023-09-21T16:43:39","date_gmt":"2023-09-21T14:43:39","guid":{"rendered":"https:\/\/cerama.sk\/informacie\/?p=188"},"modified":"2023-10-06T15:10:57","modified_gmt":"2023-10-06T13:10:57","slug":"typy-vani-pre-vasu-kupelnu","status":"publish","type":"post","link":"https:\/\/cerama.sk\/informacie\/typy-vani-pre-vasu-kupelnu\/","title":{"rendered":"Typy van\u00ed pre va\u0161u k\u00fape\u013e\u0148u"},"content":{"rendered":"<div id=\"toc_container\" class=\"have_bullets\"><p class=\"toc_title\">Obsah<\/p><ul class=\"toc_list\"><li><a href=\"#Materialy_pre_vyrobu_vani\">Materi\u00e1ly pre v\u00fdrobu van\u00ed<\/a><ul><li><a href=\"#Akrylatove_vane\">Akryl\u00e1tov\u00e9 vane<\/a><\/li><li><a href=\"#Smaltovane_liatinove_vane\">Smaltovan\u00e9 liatinov\u00e9 vane<\/a><\/li><li><a href=\"#Smaltovane_ocelove_vane\">Smaltovan\u00e9 oce\u013eov\u00e9 vane<\/a><\/li><li><a href=\"#Vane_vyrobene_z_umeleho_mramoru\">Vane vyroben\u00e9 z umel\u00e9ho mramoru<\/a><\/li><\/ul><\/li><li><a href=\"#Typy_vani\">Typy van\u00ed<\/a><ul><li><a href=\"#Obdlznikove_vane\">Obd\u013a\u017enikov\u00e9 vane<\/a><\/li><li><a href=\"#Rohove_vane\">Rohov\u00e9 vane<\/a><\/li><li><a href=\"#Okruhle_vane\">Okr\u00fahle vane<\/a><\/li><li><a href=\"#Ovalne_vane\">Ov\u00e1lne vane<\/a><\/li><li><a href=\"#Virive_vane\">V\u00edriv\u00e9 vane<\/a><\/li><\/ul><\/li><\/ul><\/div>\n<p>Va\u0148a m\u00e1 v\u00fdznamn\u00fa \u00falohu v r\u00e1mci k\u00fape\u013e\u0148ov\u00e9ho interi\u00e9ru. Jej pou\u017e\u00edvanie pon\u00faka relax\u00e1ciu, hreje a zlep\u0161uje celkov\u00fd pocit pohody. S pr\u00edpadnou hydromas\u00e1\u017enou funkciou m\u00f4\u017eeme z vane vytvori\u0165 s\u00fa\u010das\u0165 vlastn\u00fdch dom\u00e1cich wellness proced\u00far.<\/p>\n<p>Trh s va\u0148ami je bohat\u00fd na v\u00fdber, kde m\u00f4\u017eeme vybera\u0165 z r\u00f4znych materi\u00e1lov, ve\u013ekost\u00ed a tvarov. Je d\u00f4le\u017eit\u00e9 pozna\u0165 hlavn\u00e9 aspekty, ktor\u00e9 by sme mali zv\u00e1\u017ei\u0165 pri in\u0161tal\u00e1cii vane do k\u00fape\u013ene.<\/p>\n<h2><span id=\"Materialy_pre_vyrobu_vani\">Materi\u00e1ly pre v\u00fdrobu van\u00ed<\/span><\/h2>\n<h3><span id=\"Akrylatove_vane\">Akryl\u00e1tov\u00e9 vane<\/span><\/h3>\n<p>Akryl\u00e1tov\u00e9 vane s\u00fa ve\u013emi ob\u013e\u00faben\u00e9. Vyroben\u00e9 z kvalitn\u00e9ho akryl\u00e1tu, najm\u00e4 z pevn\u00e9ho akryl\u00e1tu alebo polyesterovej \u017eivice so sklen\u00fdmi vl\u00e1knami, s\u00fa odoln\u00e9 proti po\u0161kriabaniu, n\u00e1razom a \u0161kodliv\u00fdm \u00fa\u010dinkom \u010distiacich prostriedkov.<\/p>\n<p>K ich v\u00fdhod\u00e1m patr\u00ed tepeln\u00e1 a akustick\u00e1 izol\u00e1cia &#8211; voda v akryl\u00e1tovej vani ost\u00e1va dlh\u0161ie tepl\u00e1 a akryl\u00e1t dok\u00e1\u017ee tlmi\u0165 zvuky pri nap\u00fa\u0161\u0165an\u00ed vody alebo vstupe do vane. Povrch vane je pr\u00edjemn\u00fd na dotyk &#8211; je tepl\u00fd a hladk\u00fd a materi\u00e1l je odoln\u00fd vo\u010di hrdzi, \u0161kvrn\u00e1m a usadenin\u00e1m v\u00e1penca.<\/p>\n<p>Akryl\u00e1tov\u00e9 vane s\u00fa dostupn\u00e9 na trhu v r\u00f4znych tvaroch, ve\u013ekostiach a farb\u00e1ch, s tvarovan\u00fdmi opierkami na ruky, sedadlom alebo v\u00fdklenkom pre kozmetick\u00e9 produkty. Niektor\u00ed v\u00fdrobcovia pon\u00fakaj\u00fa vane s antibakteri\u00e1lnou povrchovou \u00fapravou, ktor\u00e9 sa \u013eahko udr\u017eiavaj\u00fa \u010dist\u00e9 &#8211; bakt\u00e9rie, plesne a huby na nich rast\u00fa pomal\u0161ie a \u010distiaci \u00fa\u010dinok je dlhodobej\u0161\u00ed.<\/p>\n<p>Akryl\u00e1tov\u00e9 vane s\u00fa jedn\u00fdmi z naj\u013eah\u0161\u00edch na trhu, napr\u00edklad model s rozmermi 150 x 100 cm v\u00e1\u017ei pribli\u017ene 20 kg. Je d\u00f4le\u017eit\u00e9 vybera\u0165 kvalitn\u00e9 zna\u010dky. Pri lacnej\u0161\u00edch, dovozov\u00fdch vaniach z tenk\u00e9ho akryl\u00e1tu m\u00f4\u017ee pr\u00edli\u0161 tenk\u00e1 vrstva akryl\u00e1tu na okrajoch a z\u00e1hyboch sp\u00f4sobi\u0165 praskanie povrchu a neestetick\u00e9 vydutiny na sten\u00e1ch.<\/p>\n<p><img decoding=\"async\" loading=\"lazy\" class=\"aligncenter wp-image-196 size-large\" title=\"Va\u0148a s ozdobn\u00fdmi no\u017ei\u010dkami\" src=\"https:\/\/cerama.sk\/informacie\/wp-content\/uploads\/2023\/09\/vana-snozickami-1024x683.jpg\" alt=\"Va\u0148a s ozdobn\u00fdmi no\u017ei\u010dkami\" width=\"1024\" height=\"683\" srcset=\"https:\/\/cerama.sk\/informacie\/wp-content\/uploads\/2023\/09\/vana-snozickami-1024x683.jpg 1024w, https:\/\/cerama.sk\/informacie\/wp-content\/uploads\/2023\/09\/vana-snozickami-300x200.jpg 300w, https:\/\/cerama.sk\/informacie\/wp-content\/uploads\/2023\/09\/vana-snozickami-768x512.jpg 768w, https:\/\/cerama.sk\/informacie\/wp-content\/uploads\/2023\/09\/vana-snozickami-1536x1024.jpg 1536w, https:\/\/cerama.sk\/informacie\/wp-content\/uploads\/2023\/09\/vana-snozickami-2048x1365.jpg 2048w, https:\/\/cerama.sk\/informacie\/wp-content\/uploads\/2023\/09\/vana-snozickami-465x310.jpg 465w, https:\/\/cerama.sk\/informacie\/wp-content\/uploads\/2023\/09\/vana-snozickami-695x463.jpg 695w\" sizes=\"(max-width: 1024px) 100vw, 1024px\" \/><\/p>\n<h3><span id=\"Smaltovane_liatinove_vane\">Smaltovan\u00e9 liatinov\u00e9 vane<\/span><\/h3>\n<p>Liatinov\u00e1 va\u0148a je extr\u00e9mne odoln\u00e1 a m\u00f4\u017ee sl\u00fa\u017ei\u0165 svojmu vlastn\u00edkovi desiatky rokov bez potreby v\u00fdmeny. Tieto vane s\u00fa odoln\u00e9 proti po\u0161kodeniu, jednoducho sa \u010distia, dok\u00e1\u017eu dlho udr\u017eiava\u0165 teplotu vody, hoci na dotyk s\u00fa studen\u00e9. S\u00fa odoln\u00e9 vo\u010di svetlu a UV \u017eiareniu, tak\u017ee nebledn\u00fa ani nezmenia svoju farbu, s\u00fa tie\u017e odoln\u00e9 vo\u010di oh\u0148u &#8211; liatinov\u00fa va\u0148u neohroz\u00ed ani nezhasnut\u00e1 svie\u010dka alebo cigaretov\u00fd popol.<\/p>\n<p>Tieto vane s\u00fa tie\u017e ekologick\u00e9 &#8211; smaltovan\u00e1 oce\u013e je \u00faplne recyklovate\u013en\u00e1 a m\u00f4\u017ee by\u0165 znovu pou\u017eit\u00e1 pri v\u00fdrobe ocele. Ich hlavn\u00e1 nev\u00fdhoda spo\u010d\u00edva v ich hmotnosti &#8211; s\u00fa ve\u013emi \u0165a\u017ek\u00e9, \u010do komplikuje ich prepravu a in\u0161tal\u00e1ciu.<\/p>\n<p>Kvalitn\u00e1 va\u0148a je vyroben\u00e1 z jedn\u00e9ho kusu hrub\u00e9ho oce\u013eov\u00e9ho plechu, tak\u017ee nem\u00e1 \u017eiadne zvary, kde by mohla hrdzavie\u0165 alebo kde by mohla str\u00e1ca\u0165 vodu. Oce\u013e by mala by\u0165 navrchu pokryt\u00e1 tenkou vrstvou smaltu &#8211; \u010d\u00edm je vrstva ten\u0161ia, t\u00fdm je pru\u017enej\u0161ia a teda odolnej\u0161ia vo\u010di po\u0161kodeniu. Liatinov\u00e9 vane sa zvy\u010dajne pon\u00fakaj\u00fa v bielej farbe v klasick\u00fdch tvaroch &#8211; obd\u013a\u017enikov\u00e9 a ov\u00e1lne, \u010dasto s dekorat\u00edvnymi nohami (napr. v podobe lev\u00edch labiek).<\/p>\n<p>Je tie\u017e mo\u017en\u00e9 objedna\u0165 si va\u0148u v inej farbe ako bielej, ale mus\u00edte r\u00e1ta\u0165 s vy\u0161\u0161\u00edmi n\u00e1kladmi. Tieto typy van\u00ed dod\u00e1vaj\u00fa interi\u00e9ru klasick\u00fd, distingvovan\u00fd vzh\u013ead a s\u00fa ide\u00e1lne pre k\u00fape\u013ene v retro \u0161t\u00fdle. V priestrann\u00fdch k\u00fape\u013eniach sa \u010dasto umiest\u0148uj\u00fa na centr\u00e1lnu poz\u00edciu, \u010do zv\u00fdraz\u0148uje ich elegantnos\u0165.<\/p>\n<h3><span id=\"Smaltovane_ocelove_vane\">Smaltovan\u00e9 oce\u013eov\u00e9 vane<\/span><\/h3>\n<p>Tieto vane s\u00fa vysoko odoln\u00e9 proti po\u0161kriabaniu, n\u00e1razom a dom\u00e1cim chemick\u00fdm l\u00e1tkam. S\u00fa dostupn\u00e9 v r\u00f4znych tvaroch, ve\u013ekostiach a farb\u00e1ch a s\u00fa v\u00fdrazne \u013eah\u0161ie ako liatinov\u00e9, ale \u0165a\u017e\u0161ie ako akryl\u00e1tov\u00e9, napr\u00edklad model s rozmermi 150 x 70 cm v\u00e1\u017ei pribli\u017ene 30 kg.<\/p>\n<p>Ich hlavnou nev\u00fdhodou je, \u017ee ke\u010f s\u00fa pr\u00e1zdne, s\u00fa studen\u00e9 na dotyk a hor\u00faca voda naliata do oce\u013eovej vane pomerne r\u00fdchlo str\u00e1ca teplotu. Toto je mo\u017en\u00e9 obmedzi\u0165 in\u0161tal\u00e1ciou tepelnej a akustickej izol\u00e1cie vane do \u0161peci\u00e1lneho polystyr\u00e9nov\u00e9ho krytu.<\/p>\n<p><img decoding=\"async\" loading=\"lazy\" class=\"aligncenter wp-image-197 size-large\" title=\"\u010cierna va\u0148a\" src=\"https:\/\/cerama.sk\/informacie\/wp-content\/uploads\/2023\/09\/shutterstock_1080815537-1024x683.jpg\" alt=\"\u010cierna va\u0148a\" width=\"1024\" height=\"683\" srcset=\"https:\/\/cerama.sk\/informacie\/wp-content\/uploads\/2023\/09\/shutterstock_1080815537-1024x683.jpg 1024w, https:\/\/cerama.sk\/informacie\/wp-content\/uploads\/2023\/09\/shutterstock_1080815537-300x200.jpg 300w, https:\/\/cerama.sk\/informacie\/wp-content\/uploads\/2023\/09\/shutterstock_1080815537-768x512.jpg 768w, https:\/\/cerama.sk\/informacie\/wp-content\/uploads\/2023\/09\/shutterstock_1080815537-1536x1024.jpg 1536w, https:\/\/cerama.sk\/informacie\/wp-content\/uploads\/2023\/09\/shutterstock_1080815537-2048x1365.jpg 2048w, https:\/\/cerama.sk\/informacie\/wp-content\/uploads\/2023\/09\/shutterstock_1080815537-465x310.jpg 465w, https:\/\/cerama.sk\/informacie\/wp-content\/uploads\/2023\/09\/shutterstock_1080815537-695x463.jpg 695w\" sizes=\"(max-width: 1024px) 100vw, 1024px\" \/><\/p>\n<h3><span id=\"Vane_vyrobene_z_umeleho_mramoru\">Vane vyroben\u00e9 z umel\u00e9ho mramoru<\/span><\/h3>\n<p>Vane z umel\u00e9ho mramoru sa m\u00f4\u017eu p\u00fd\u0161i\u0165 svojou pevnos\u0165ou a odolnos\u0165ou vo\u010di mechanick\u00e9mu po\u0161kodeniu. Ich pr\u00edjemne tepl\u00fd povrch, dlhotrvaj\u00faca teplota vody a schopnos\u0165 potla\u010dova\u0165 hluk prid\u00e1vaj\u00fa k ich atraktivite. Okrem toho ich elegantn\u00fd a \u0161t\u00fdlov\u00fd vzh\u013ead dod\u00e1va k\u00fape\u013eni exkluz\u00edvny n\u00e1dych. Av\u0161ak, niektor\u00e9 nev\u00fdhody ako hmotnos\u0165 (model s rozmermi 182 x 125 cm v\u00e1\u017ei okolo 180 kg) a vysok\u00e1 cena m\u00f4\u017eu potenci\u00e1lnych z\u00e1kazn\u00edkov odstra\u0161ova\u0165.<\/p>\n<h2><span id=\"Typy_vani\">Typy van\u00ed<\/span><\/h2>\n<h3><span id=\"Obdlznikove_vane\">Obd\u013a\u017enikov\u00e9 vane<\/span><\/h3>\n<p>Obd\u013a\u017enikov\u00e9 vane patria k najpopul\u00e1rnej\u0161\u00edm typom. Ich rozsah ve\u013ekost\u00ed sa pohybuje od 120 a\u017e do 200 cm na d\u013a\u017eku a od 70 do 100 cm na \u0161\u00edrku. Niektor\u00e9 modely maj\u00fa u\u017e\u0161\u00ed koniec pri noh\u00e1ch, \u010do umo\u017e\u0148uje \u0161etri\u0165 s vodou t\u00fdm, \u017ee zni\u017euje objem vane.<\/p>\n<h3><span id=\"Rohove_vane\">Rohov\u00e9 vane<\/span><\/h3>\n<p>Rohov\u00e9 vane s\u00fa dostupn\u00e9 v troj-, p\u00e4\u0165-, a \u0161es\u0165uholn\u00edkov\u00fdch tvaroch, ale tie\u017e v zaoblen\u00fdch modeloch &#8211; symetrick\u00fdch (najmen\u0161\u00ed: 120 x 120 cm, najv\u00e4\u010d\u0161\u00ed: 175 x 175 cm) a asymetrick\u00fdch (jedna strana je dlh\u0161ia, najmen\u0161\u00ed: 140 x 75 cm a najv\u00e4\u010d\u0161\u00ed: 175 x 120 cm). Asymetrick\u00e9 vane s\u00fa \u010falej rozdelen\u00e9 na prav\u00e9 vane &#8211; s krat\u0161ou stranou na pravej strane &#8211; a \u013eav\u00e9 vane &#8211; s krat\u0161ou stranou na \u013eavej strane.<\/p>\n<h3><span id=\"Okruhle_vane\">Okr\u00fahle vane<\/span><\/h3>\n<p>Okr\u00fahle vane, naj\u010dastej\u0161ie s priemerom 150 cm, s\u00fa ide\u00e1lne pre ve\u013ek\u00e9 k\u00fape\u013ene alebo wellness centr\u00e1, kde sa \u010dasto umiest\u0148uj\u00fa do strednej \u010dasti miestnosti, napr\u00edklad priamo do podlahy.<\/p>\n<h3><span id=\"Ovalne_vane\">Ov\u00e1lne vane<\/span><\/h3>\n<p>Ov\u00e1lne vane s d\u013a\u017ekou od 175 do 190 cm a \u0161\u00edrkou od 85 do 121 cm s\u00fa zvy\u010dajne vo\u013ene stojace, ale s\u00fa tie\u017e vhodn\u00e9 pre rohov\u00fa alebo n\u00e1stenn\u00fa in\u0161tal\u00e1ciu v priestrannej\u0161\u00edch k\u00fape\u013eniach.<\/p>\n<p><img decoding=\"async\" loading=\"lazy\" class=\"aligncenter wp-image-198\" title=\"Rohov\u00e1 va\u0148a\" src=\"https:\/\/cerama.sk\/informacie\/wp-content\/uploads\/2023\/09\/vana-v-rohu.jpg\" alt=\"Rohov\u00e1 va\u0148a\" width=\"992\" height=\"595\" \/><\/p>\n<h3><span id=\"Virive_vane\">V\u00edriv\u00e9 vane<\/span><\/h3>\n<p>V\u00edriv\u00e1 va\u0148a dok\u00e1\u017ee zmeni\u0165 va\u0161u k\u00fape\u013e\u0148u na dom\u00e1ce wellness centrum. Vodn\u00e1 mas\u00e1\u017e nielen poskytuje pr\u00edjemn\u00e9 uvo\u013enenie po n\u00e1ro\u010dnom dni, ale tie\u017e pozit\u00edvne ovplyv\u0148uje zdravie a kond\u00edciu tela, pom\u00e1ha posil\u0148ova\u0165 svaly a k\u013aby, reguluje metabolizmus a zmier\u0148uje bolesti chrbta a reumatick\u00e9 probl\u00e9my.<\/p>\n<p>V\u00edriv\u00e9 vane sa vyr\u00e1baj\u00fa z akryl\u00e1tu a m\u00f4\u017eu by\u0165 vybaven\u00e9 manu\u00e1lne ovl\u00e1dan\u00fdm vodn\u00fdm mas\u00e1\u017enym syst\u00e9mom s pribli\u017ene 10 tryskami aj sofistikovanou elektronikou pre viacer\u00e9 osoby. Vane s elektronicky ovl\u00e1dan\u00fdmi hydromas\u00e1\u017enymi syst\u00e9mami s\u00fa s\u00edce n\u00e1kladnej\u0161ie, ale zabezpe\u010duj\u00fa vy\u0161\u0161iu bezpe\u010dnos\u0165 a pohodlie pri obsluhe.<\/p>\n<p>Pokro\u010dil\u00e9 modely hydromas\u00e1\u017enych van\u00ed pon\u00fakaj\u00fa \u010fal\u0161ie funkcie, ktor\u00e9 prispievaj\u00fa k relaxa\u010dn\u00fdm alebo lie\u010div\u00fdm \u00fa\u010dinkom vodnej mas\u00e1\u017ee. Tieto m\u00f4\u017eu zah\u0155\u0148a\u0165 napr\u00edklad aromaterapiu, oz\u00f3nov\u00fa \u00fapravu vody, podvodn\u00e9 osvetlenie, mo\u017enos\u0165 prehr\u00e1vania hudby alebo vodn\u00fa kask\u00e1du, ktor\u00e1 vytv\u00e1ra upokojuj\u00faci zvuk podobn\u00fd vodop\u00e1du.<\/p>\n<hr \/>\n<p><a href=\"https:\/\/cerama.cz\/info\/typy-van-pro-vasi-koupelnu\/\"><img decoding=\"async\" loading=\"lazy\" class=\"alignnone\" title=\"Typy van pro va\u0161i koupelnu\" src=\"https:\/\/cerama.sk\/informacie\/wp-content\/uploads\/2023\/09\/cz.png\" alt=\"Typy van pro va\u0161i koupelnu\" width=\"32\" height=\"21\" \/><\/a> <a href=\"https:\/\/cerama.sk\/informacie\/typy-vani-pre-vasu-kupelnu\/\"><img decoding=\"async\" loading=\"lazy\" class=\"alignnone\" title=\"Typy van\u00ed pre va\u0161u k\u00fape\u013e\u0148u\" src=\"https:\/\/cerama.sk\/informacie\/wp-content\/uploads\/2023\/09\/sk.png\" alt=\"Typy van\u00ed pre va\u0161u k\u00fape\u013e\u0148u\" width=\"32\" height=\"21\" \/><\/a><\/p>\n","protected":false},"excerpt":{"rendered":"<p>ObsahMateri\u00e1ly pre v\u00fdrobu van\u00edAkryl\u00e1tov\u00e9 vaneSmaltovan\u00e9 liatinov\u00e9 vaneSmaltovan\u00e9 oce\u013eov\u00e9 vaneVane vyroben\u00e9 z umel\u00e9ho mramoruTypy van\u00edObd\u013a\u017enikov\u00e9 vaneRohov\u00e9 vaneOkr\u00fahle vaneOv\u00e1lne vaneV\u00edriv\u00e9 vane Va\u0148a m\u00e1 v\u00fdznamn\u00fa \u00falohu v r\u00e1mci k\u00fape\u013e\u0148ov\u00e9ho interi\u00e9ru. Jej pou\u017e\u00edvanie pon\u00faka relax\u00e1ciu, hreje a zlep\u0161uje celkov\u00fd pocit pohody. S pr\u00edpadnou hydromas\u00e1\u017enou funkciou m\u00f4\u017eeme z vane vytvori\u0165 s\u00fa\u010das\u0165 vlastn\u00fdch dom\u00e1cich wellness proced\u00far.<span class=\"more-link\"><a href=\"https:\/\/cerama.sk\/informacie\/typy-vani-pre-vasu-kupelnu\/\">Continue Reading<\/a><\/span><\/p>\n","protected":false},"author":2,"featured_media":193,"comment_status":"closed","ping_status":"open","sticky":false,"template":"","format":"standard","meta":{"footnotes":""},"categories":[2],"tags":[],"aioseo_notices":[],"_links":{"self":[{"href":"https:\/\/cerama.sk\/informacie\/wp-json\/wp\/v2\/posts\/188"}],"collection":[{"href":"https:\/\/cerama.sk\/informacie\/wp-json\/wp\/v2\/posts"}],"about":[{"href":"https:\/\/cerama.sk\/informacie\/wp-json\/wp\/v2\/types\/post"}],"author":[{"embeddable":true,"href":"https:\/\/cerama.sk\/informacie\/wp-json\/wp\/v2\/users\/2"}],"replies":[{"embeddable":true,"href":"https:\/\/cerama.sk\/informacie\/wp-json\/wp\/v2\/comments?post=188"}],"version-history":[{"count":12,"href":"https:\/\/cerama.sk\/informacie\/wp-json\/wp\/v2\/posts\/188\/revisions"}],"predecessor-version":[{"id":342,"href":"https:\/\/cerama.sk\/informacie\/wp-json\/wp\/v2\/posts\/188\/revisions\/342"}],"wp:featuredmedia":[{"embeddable":true,"href":"https:\/\/cerama.sk\/informacie\/wp-json\/wp\/v2\/media\/193"}],"wp:attachment":[{"href":"https:\/\/cerama.sk\/informacie\/wp-json\/wp\/v2\/media?parent=188"}],"wp:term":[{"taxonomy":"category","embeddable":true,"href":"https:\/\/cerama.sk\/informacie\/wp-json\/wp\/v2\/categories?post=188"},{"taxonomy":"post_tag","embeddable":true,"href":"https:\/\/cerama.sk\/informacie\/wp-json\/wp\/v2\/tags?post=188"}],"curies":[{"name":"wp","href":"https:\/\/api.w.org\/{rel}","templated":true}]}}