{"id":1293,"date":"2024-04-11T16:50:59","date_gmt":"2024-04-11T14:50:59","guid":{"rendered":"https:\/\/cerama.sk\/informacie\/?p=1293"},"modified":"2024-04-11T16:50:59","modified_gmt":"2024-04-11T14:50:59","slug":"fasadna-omietka-cena-za-m2","status":"publish","type":"post","link":"https:\/\/cerama.sk\/informacie\/fasadna-omietka-cena-za-m2\/","title":{"rendered":"Fas\u00e1dna omietka cena za m2"},"content":{"rendered":"<div id=\"toc_container\" class=\"have_bullets\"><p class=\"toc_title\">Obsah<\/p><ul class=\"toc_list\"><li><a href=\"#Ako_kupit_fasadnu_omietku_za_dobru_cenu\">Ako k\u00fapi\u0165 fas\u00e1dnu omietku za dobr\u00fa cenu<\/a><\/li><li><a href=\"#Typy_fasadnych_omietok\">Typy fas\u00e1dnych omietok<\/a><\/li><li><a href=\"#Na_co_si_dat_pozor\">Na \u010do si da\u0165 pozor<\/a><\/li><\/ul><\/div>\n<h2><span id=\"Ako_kupit_fasadnu_omietku_za_dobru_cenu\">Ako k\u00fapi\u0165 fas\u00e1dnu omietku za dobr\u00fa cenu<\/span><\/h2>\n<p>\u010ci u\u017e staviate nov\u00fd dom, alebo rekon\u0161truujete star\u0161\u00ed, fas\u00e1dna omietka je pre jeho fin\u00e1lnu podobu z\u00e1sadn\u00e1. Navy\u0161e je ve\u013emi podstatnou s\u00fa\u010das\u0165ou obvodovej kon\u0161trukcie ka\u017ed\u00e9ho domu.<\/p>\n<p>Chr\u00e1ni vonkaj\u0161ie m\u00fary pred vplyvmi okolit\u00e9ho prostredia, teda po\u010das\u00edm, vr\u00e1tane mrazov, v\u00fdkyvmi tepl\u00f4t, mikroorganizmami, emisiami, po\u017eiarom a do istej miery tie\u017e mechanick\u00fdm po\u0161koden\u00edm. Z\u00e1rove\u0148 by mala by\u0165 vyroben\u00e1 tak, aby \u013eahko pri\u013enula k podkladu a aby sa s \u0148ou \u013eahko pracovalo.<\/p>\n<p>Na spr\u00e1vnom v\u00fdbere fas\u00e1dnej omietky toti\u017e z\u00e1vis\u00ed nielen to, ako bude v\u00e1\u0161 dom vyzera\u0165, ale tie\u017e to, ako sa v\u00e1m v \u0148om bude b\u00fdva\u0165. Aby ste si vybrali omietku s najefekt\u00edvnej\u0161\u00edmi obstar\u00e1vac\u00edmi n\u00e1kladmi, je potrebn\u00e9 prem\u00fd\u0161\u013ea\u0165 nielen o cene za meter \u0161tvorcov\u00fd, ale aj o potrebn\u00fdch parametroch omietky pr\u00e1ve pre va\u0161u nehnute\u013enos\u0165.<\/p>\n<p><img decoding=\"async\" src=\"https:\/\/cdn.myshoptet.com\/usr\/www.hhomietka.sk\/user\/documents\/upload\/\u010cL\u00c1NKY\/o17.jpg\" alt=\"o17\" \/><\/p>\n<h2><span id=\"Typy_fasadnych_omietok\">Typy fas\u00e1dnych omietok<\/span><\/h2>\n<p>Z\u00e1kladn\u00e9 delenie fas\u00e1dnych omietok je pod\u013ea ich hlavnej spojivovej zlo\u017eky, a to na miner\u00e1lne a pastovit\u00e9. Miner\u00e1lne omietky sa vyr\u00e1baj\u00fa naj\u010dastej\u0161ie na b\u00e1ze cementu za pridania \u010fal\u0161\u00edch pr\u00edrodn\u00fdch miner\u00e1lnych materi\u00e1lov, ako je v\u00e1penec, \u010di kremi\u010dit\u00fd piesok r\u00f4znej zrnitosti. S\u00fa dobre paropriepustn\u00e9 a skvele sa hodia pre novostavby, ale aj pre rekon\u0161trukcie star\u0161\u00edch budov, pr\u00edpadne len \u010dast\u00ed stien. Vynikaj\u00fa dlhou \u017eivotnos\u0165ou a v\u010faka vy\u0161\u0161iemu pH obvykle tie\u017e dobre odol\u00e1vaj\u00fa plesniam.<\/p>\n<p>Vyr\u00e1baj\u00fa sa ako prefarben\u00e9, tak v z\u00e1kladnej farbe, na ktor\u00fa je nutn\u00e9 nanies\u0165 fas\u00e1dnu farbu, \u010do m\u00f4\u017ee nan\u00e1\u0161anie omietky nielen predra\u017ei\u0165, ale aj pred\u013a\u017ei\u0165. Pastovit\u00e9 omietky sa vyr\u00e1baj\u00fa u\u017e prefarben\u00e9 a v \u0161irokej \u0161k\u00e1le farieb. \u010ealej sa del\u00ed na akryl\u00e1tov\u00e9, silik\u00e1tov\u00e9, silik\u00f3nov\u00e9 a silik\u00f3n-silik\u00e1tov\u00e9 pod\u013ea toho, \u010do je ich z\u00e1kladn\u00e1 spojivov\u00e1 zlo\u017eka.<\/p>\n<p>Cenovo najv\u00fdhodnej\u0161ie z nich s\u00fa akryl\u00e1tov\u00e9, ale nehodia sa na v\u0161etky typy zateplenia. Ostatn\u00e9 pastovit\u00e9 omietky maj\u00fa lep\u0161ie vlastnosti, ale s\u00fa zase o nie\u010do drah\u0161ie.<\/p>\n<h2><span id=\"Na_co_si_dat_pozor\">Na \u010do si da\u0165 pozor<\/span><\/h2>\n<p>Pri v\u00fdbere omietky sa preto neria\u010fte len cenou, ale nechajte si poradi\u0165 bu\u010f u projektanta, alebo in\u00e9ho odborn\u00edka, ak\u00fd typ omietky sa hod\u00ed pre v\u00e1\u0161 dom. Zdanlivo v\u00fdhodn\u00fd n\u00e1kup by sa z dlhodob\u00e9ho h\u013eadiska nemusel vyplati\u0165. Pozor si dajte aj pri v\u00fdbere farebn\u00e9ho odtie\u0148a, preto\u017ee aj u rovnak\u00e9ho typu omietky sa jednotkov\u00e1 cena m\u00f4\u017ee l\u00ed\u0161i\u0165 v z\u00e1vislosti od s\u00fdtosti zvolenej farby omietky.<\/p>\n<hr \/>\n<p><a href=\"https:\/\/cerama.cz\/info\/fasadni-omitka-cena-za-m2\/\"><img decoding=\"async\" loading=\"lazy\" class=\"alignnone\" title=\"Fas\u00e1dn\u00ed om\u00edtka cena za m2\" src=\"https:\/\/cerama.cz\/info\/wp-content\/uploads\/2023\/09\/cz.png\" alt=\"Fas\u00e1dn\u00ed om\u00edtka cena za m2\" width=\"30\" height=\"20\" \/><\/a> <a href=\"https:\/\/cerama.sk\/informacie\/fasadna-omietka-cena-za-m2\/\"><img decoding=\"async\" loading=\"lazy\" class=\"alignnone\" title=\"Fas\u00e1dna omietka cena za m2\" src=\"https:\/\/cerama.cz\/info\/wp-content\/uploads\/2023\/09\/sk.png\" alt=\"Fas\u00e1dna omietka cena za m2\" width=\"32\" height=\"21\" \/><\/a><\/p>\n","protected":false},"excerpt":{"rendered":"<p>ObsahAko k\u00fapi\u0165 fas\u00e1dnu omietku za dobr\u00fa cenuTypy fas\u00e1dnych omietokNa \u010do si da\u0165 pozor Ako k\u00fapi\u0165 fas\u00e1dnu omietku za dobr\u00fa cenu \u010ci u\u017e staviate nov\u00fd dom, alebo rekon\u0161truujete star\u0161\u00ed, fas\u00e1dna omietka je pre jeho fin\u00e1lnu podobu z\u00e1sadn\u00e1. Navy\u0161e je ve\u013emi podstatnou s\u00fa\u010das\u0165ou obvodovej kon\u0161trukcie ka\u017ed\u00e9ho domu. Chr\u00e1ni vonkaj\u0161ie m\u00fary pred vplyvmi<span class=\"more-link\"><a href=\"https:\/\/cerama.sk\/informacie\/fasadna-omietka-cena-za-m2\/\">Continue Reading<\/a><\/span><\/p>\n","protected":false},"author":2,"featured_media":1295,"comment_status":"closed","ping_status":"open","sticky":false,"template":"","format":"standard","meta":{"footnotes":""},"categories":[11],"tags":[],"aioseo_notices":[],"_links":{"self":[{"href":"https:\/\/cerama.sk\/informacie\/wp-json\/wp\/v2\/posts\/1293"}],"collection":[{"href":"https:\/\/cerama.sk\/informacie\/wp-json\/wp\/v2\/posts"}],"about":[{"href":"https:\/\/cerama.sk\/informacie\/wp-json\/wp\/v2\/types\/post"}],"author":[{"embeddable":true,"href":"https:\/\/cerama.sk\/informacie\/wp-json\/wp\/v2\/users\/2"}],"replies":[{"embeddable":true,"href":"https:\/\/cerama.sk\/informacie\/wp-json\/wp\/v2\/comments?post=1293"}],"version-history":[{"count":4,"href":"https:\/\/cerama.sk\/informacie\/wp-json\/wp\/v2\/posts\/1293\/revisions"}],"predecessor-version":[{"id":1496,"href":"https:\/\/cerama.sk\/informacie\/wp-json\/wp\/v2\/posts\/1293\/revisions\/1496"}],"wp:featuredmedia":[{"embeddable":true,"href":"https:\/\/cerama.sk\/informacie\/wp-json\/wp\/v2\/media\/1295"}],"wp:attachment":[{"href":"https:\/\/cerama.sk\/informacie\/wp-json\/wp\/v2\/media?parent=1293"}],"wp:term":[{"taxonomy":"category","embeddable":true,"href":"https:\/\/cerama.sk\/informacie\/wp-json\/wp\/v2\/categories?post=1293"},{"taxonomy":"post_tag","embeddable":true,"href":"https:\/\/cerama.sk\/informacie\/wp-json\/wp\/v2\/tags?post=1293"}],"curies":[{"name":"wp","href":"https:\/\/api.w.org\/{rel}","templated":true}]}}