{"id":1099,"date":"2024-04-11T16:51:11","date_gmt":"2024-04-11T14:51:11","guid":{"rendered":"https:\/\/cerama.sk\/informacie\/?p=1099"},"modified":"2024-04-11T16:59:17","modified_gmt":"2024-04-11T14:59:17","slug":"cena-kamenneho-koberca","status":"publish","type":"post","link":"https:\/\/cerama.sk\/informacie\/cena-kamenneho-koberca\/","title":{"rendered":"Cena kamenn\u00e9ho koberca"},"content":{"rendered":"<div id=\"toc_container\" class=\"have_bullets\"><p class=\"toc_title\">Obsah<\/p><ul class=\"toc_list\"><li><a href=\"#2_dokonale_vyhotovenie_kamenneho_koberca\">2 dokonal\u00e9 vyhotovenie kamenn\u00e9ho koberca<\/a><\/li><li><a href=\"#Ako_vyuzit_kamenny_koberec_v_domacnosti\">Ako vyu\u017ei\u0165 kamenn\u00fd koberec v dom\u00e1cnosti<\/a><\/li><li><a href=\"#Ktory_material_je_dokaze_splnit\">Ktor\u00fd materi\u00e1l je dok\u00e1\u017ee splni\u0165?<\/a><\/li><li><a href=\"#Ako_vyuzit_kamenny_koberec_na_zahrade\">Ako vyu\u017ei\u0165 kamenn\u00fd koberec na z\u00e1hrade<\/a><\/li><\/ul><\/div>\n<h2><span id=\"2_dokonale_vyhotovenie_kamenneho_koberca\">2 dokonal\u00e9 vyhotovenie kamenn\u00e9ho koberca<\/span><\/h2>\n<p>Pozn\u00e1me len minimum materi\u00e1lov, o ktor\u00fdch by sme mohli poveda\u0165, \u017ee s\u00fa vhodn\u00e9 ako pre interi\u00e9r, tak pre vonkaj\u0161ie priestory. O e\u0161te men\u0161om po\u010dte z nich m\u00f4\u017eeme poveda\u0165, \u017ee je mo\u017en\u00e1 ich horizont\u00e1lna aj vertik\u00e1lna aplik\u00e1cia. Preto v\u00e1s kamenn\u00fd koberec prekvap\u00ed.<\/p>\n<h2><span id=\"Ako_vyuzit_kamenny_koberec_v_domacnosti\">Ako vyu\u017ei\u0165 kamenn\u00fd koberec v dom\u00e1cnosti<\/span><\/h2>\n<p>Interi\u00e9r si prajeme ma\u0165 \u010do najviac \u00fatuln\u00fd, ale z\u00e1rove\u0148 m\u00e1me z\u00e1ujem o to, aby sme tr\u00e1vili minimum \u010dasu \u00fadr\u017ebou a upratovan\u00edm. T\u00fa\u017eime po hygienicky \u010distom povrchu s vysokou odolnos\u0165ou a dlhou \u017eivotnos\u0165ou. Z\u00e1rove\u0148 mus\u00ed by\u0165 tak\u00fd povrch pr\u00edjemn\u00fd na poh\u013ead a odpoveda\u0165 dekorov\u00fdm trendom modern\u00e9ho b\u00fdvania.<\/p>\n<p>Je zrejm\u00e9, \u017ee po\u017eiadaviek m\u00e1me skuto\u010dne ve\u013ea.<\/p>\n<h2><span id=\"Ktory_material_je_dokaze_splnit\">Ktor\u00fd materi\u00e1l je dok\u00e1\u017ee splni\u0165?<\/span><\/h2>\n<p>Bezpochyby kamenn\u00fd koberec. Kamenn\u00fd koberec sa st\u00e1va ve\u013emi ob\u013e\u00faben\u00fd ako odoln\u00e1 krytina za kuchynsk\u00fa linku, na stene k\u00fape\u013ene alebo ako z\u00e1\u0165a\u017eov\u00e1 podlaha na chodbu a vstupn\u00fa halu. Vie v\u0161ak ove\u013ea viac. V\u010faka kombin\u00e1cii viacer\u00fdch preveden\u00ed m\u00f4\u017eete vytv\u00e1ra\u0165 n\u00e1dhern\u00e9 mozaiky a najr\u00f4znej\u0161ie aplik\u00e1cie.<\/p>\n<p>Stena za telev\u00edziou nemus\u00ed by\u0165 v\u00f4bec nudn\u00e1 a rozhodne tam nepatr\u00ed ve\u013ekoform\u00e1tov\u00e1 tapeta s geometrick\u00fdm vzorom. Stavte na n\u00e1dhern\u00fd pr\u00edrodn\u00fd materi\u00e1l. Stavte na kame\u0148. Vyk\u00fazli fantastick\u00fa dominantu na stene ob\u00fdvacej izby a z\u00e1rove\u0148 pom\u00e1ha tlmi\u0165 hluk. Uv\u00edtate ho aj pri obkladoch krbov\u00fdch kachl\u00ed alebo v zimnej z\u00e1hrade.<\/p>\n<p>&nbsp;<\/p>\n<h2><span id=\"Ako_vyuzit_kamenny_koberec_na_zahrade\">Ako vyu\u017ei\u0165 kamenn\u00fd koberec na z\u00e1hrade<\/span><\/h2>\n<p>\u00da\u017eitkov\u00fdch vlastnost\u00ed kamenn\u00e9ho koberca si najviac v\u0161imnete na nam\u00e1han\u00fdch miestach. Sk\u00faste ju pou\u017ei\u0165 na terasu v kombin\u00e1cii s vykurovacou roho\u017eou. Nebude mu vadi\u0165 ani mastnota z grilovania v lete, ani snehov\u00e9 z\u00e1veje v zime. Skvel\u00fd je aj do priestorov okolo z\u00e1hradn\u00e9ho baz\u00e9na.<\/p>\n<p>Poklad\u00e1 sa ako jednoliata plocha bez jedinej \u0161k\u00e1ry. Ne\u010distoty nemaj\u00fa \u0161ancu. Na povrchu sa vytvor\u00ed jemn\u00e1 pr\u00edrodn\u00e1 \u0161trukt\u00fara, ktor\u00e1 priamo l\u00e1ka na prech\u00e1dzku bosou nohou. Kamenn\u00fd koberec odv\u00e1dza vlhkos\u0165 do spodn\u00fdch vrstiev. Na koberci nie s\u00fa \u017eiadne kalu\u017ee. V\u010faka \u0161trukt\u00fare a odvodu vody z\u00edskavate proti\u0161mykov\u00fd povrch v bezprostrednej bl\u00edzkosti v\u00e1\u0161ho baz\u00e9na.<\/p>\n<p>A posledn\u00e1 dobr\u00e1 spr\u00e1va je cena kamenn\u00e9ho koberca. V z\u00e1kladnom preveden\u00ed zak\u00fapite 1m2 plochy u\u017e za 10 \u20ac.<\/p>\n<hr \/>\n<p><a href=\"https:\/\/cerama.cz\/info\/kamenny-koberec-cena\/\"><img decoding=\"async\" loading=\"lazy\" class=\"alignnone\" title=\"Cena kamenn\u00e9ho koberce\" src=\"https:\/\/cerama.cz\/info\/wp-content\/uploads\/2023\/09\/cz.png\" alt=\"Cena kamenn\u00e9ho koberce\" width=\"30\" height=\"20\" \/><\/a> <a href=\"https:\/\/cerama.sk\/informacie\/cena-kamenneho-koberca\/\"><img decoding=\"async\" loading=\"lazy\" class=\"alignnone\" title=\"Cena kamenn\u00e9ho koberca\" src=\"https:\/\/cerama.cz\/info\/wp-content\/uploads\/2023\/09\/sk.png\" alt=\"Cena kamenn\u00e9ho koberca\" width=\"32\" height=\"21\" \/><\/a><\/p>\n","protected":false},"excerpt":{"rendered":"<p>Obsah2 dokonal\u00e9 vyhotovenie kamenn\u00e9ho kobercaAko vyu\u017ei\u0165 kamenn\u00fd koberec v dom\u00e1cnostiKtor\u00fd materi\u00e1l je dok\u00e1\u017ee splni\u0165?Ako vyu\u017ei\u0165 kamenn\u00fd koberec na z\u00e1hrade 2 dokonal\u00e9 vyhotovenie kamenn\u00e9ho koberca Pozn\u00e1me len minimum materi\u00e1lov, o ktor\u00fdch by sme mohli poveda\u0165, \u017ee s\u00fa vhodn\u00e9 ako pre interi\u00e9r, tak pre vonkaj\u0161ie priestory. O e\u0161te men\u0161om po\u010dte z nich<span class=\"more-link\"><a href=\"https:\/\/cerama.sk\/informacie\/cena-kamenneho-koberca\/\">Continue Reading<\/a><\/span><\/p>\n","protected":false},"author":2,"featured_media":1100,"comment_status":"closed","ping_status":"open","sticky":false,"template":"","format":"standard","meta":{"footnotes":""},"categories":[9],"tags":[],"aioseo_notices":[],"_links":{"self":[{"href":"https:\/\/cerama.sk\/informacie\/wp-json\/wp\/v2\/posts\/1099"}],"collection":[{"href":"https:\/\/cerama.sk\/informacie\/wp-json\/wp\/v2\/posts"}],"about":[{"href":"https:\/\/cerama.sk\/informacie\/wp-json\/wp\/v2\/types\/post"}],"author":[{"embeddable":true,"href":"https:\/\/cerama.sk\/informacie\/wp-json\/wp\/v2\/users\/2"}],"replies":[{"embeddable":true,"href":"https:\/\/cerama.sk\/informacie\/wp-json\/wp\/v2\/comments?post=1099"}],"version-history":[{"count":4,"href":"https:\/\/cerama.sk\/informacie\/wp-json\/wp\/v2\/posts\/1099\/revisions"}],"predecessor-version":[{"id":1596,"href":"https:\/\/cerama.sk\/informacie\/wp-json\/wp\/v2\/posts\/1099\/revisions\/1596"}],"wp:featuredmedia":[{"embeddable":true,"href":"https:\/\/cerama.sk\/informacie\/wp-json\/wp\/v2\/media\/1100"}],"wp:attachment":[{"href":"https:\/\/cerama.sk\/informacie\/wp-json\/wp\/v2\/media?parent=1099"}],"wp:term":[{"taxonomy":"category","embeddable":true,"href":"https:\/\/cerama.sk\/informacie\/wp-json\/wp\/v2\/categories?post=1099"},{"taxonomy":"post_tag","embeddable":true,"href":"https:\/\/cerama.sk\/informacie\/wp-json\/wp\/v2\/tags?post=1099"}],"curies":[{"name":"wp","href":"https:\/\/api.w.org\/{rel}","templated":true}]}}